{"id":2808,"date":"2022-08-19T08:06:41","date_gmt":"2022-08-19T12:06:41","guid":{"rendered":"https:\/\/votingaccessforall.org\/?p=2808"},"modified":"2022-08-19T08:38:44","modified_gmt":"2022-08-19T12:38:44","slug":"black-august-reimagining","status":"publish","type":"post","link":"https:\/\/votingaccessforall.org\/es\/2022\/08\/black-august-reimagining\/","title":{"rendered":"Agosto negro: reinventando"},"content":{"rendered":"<figure class=\"wp-block-image size-large\"><img loading=\"lazy\" decoding=\"async\" width=\"1024\" height=\"353\" src=\"https:\/\/votingaccessforall.org\/wp-content\/uploads\/2022\/08\/detroit-action-full-1024x353.jpg\" alt=\"\" class=\"wp-image-2809\" srcset=\"https:\/\/votingaccessforall.org\/wp-content\/uploads\/2022\/08\/detroit-action-full-1024x353.jpg 1024w, https:\/\/votingaccessforall.org\/wp-content\/uploads\/2022\/08\/detroit-action-full-300x103.jpg 300w, https:\/\/votingaccessforall.org\/wp-content\/uploads\/2022\/08\/detroit-action-full-768x264.jpg 768w, https:\/\/votingaccessforall.org\/wp-content\/uploads\/2022\/08\/detroit-action-full-18x6.jpg 18w, https:\/\/votingaccessforall.org\/wp-content\/uploads\/2022\/08\/detroit-action-full-621x214.jpg 621w, https:\/\/votingaccessforall.org\/wp-content\/uploads\/2022\/08\/detroit-action-full.jpg 1057w\" sizes=\"auto, (max-width: 1024px) 100vw, 1024px\" \/><\/figure>\n\n\n\n<p><strong>Una invitaci\u00f3n de nuestros amigos de Detroit Action:<\/strong><\/p>\n\n\n\n<p>\u00danase a Detroit Action en nuestro evento Black August donde reinventaremos un mundo a trav\u00e9s de un punto de vista abolicionista y pol\u00edticas de justicia curativa. Durante generaciones, las comunidades negras y marrones han sentido el impacto negativo de vivir bajo un estado policial violento, por eso queremos imaginar un mundo fuera de la vigilancia y el encarcelamiento masivo. Esta celebraci\u00f3n del Agosto Negro tendr\u00e1 juegos, proyectos art\u00edsticos colectivos, actuaciones y m\u00e1s. Este ser\u00e1 un evento familiar en coordinaci\u00f3n con Southwest Fest el s\u00e1bado 27 de agosto de 2:00 p. m. a 8:00 p. m. en el Teatro del Senado 6424 Michigan Ave, Detroit.<\/p>\n\n\n\n<p>Por favor <a href=\"https:\/\/click.everyaction.com\/k\/49317113\/361666402\/-1523051374?nvep=ew0KICAiVGVuYW50VXJpIjogIm5ncHZhbjovL3Zhbi9BVi9BVkVBLzEvNTE4MTUiLA0KICAiRGlzdHJpYnV0aW9uVW5pcXVlSWQiOiAiYjUzN2QzNGMtOGIxZC1lZDExLWJkNmUtMjgxODc4YjgzZDhhIiwNCiAgIkVtYWlsQWRkcmVzcyI6ICJlZGNkZXRyb2l0QGdtYWlsLmNvbSINCn0%3D&amp;hmac=861lSuyB7LHdK8nK9yM_uGuyfSYUY2SxAxnw3N11tiY=&amp;emci=a6d4b122-bc1c-ed11-bd6e-281878b83d8a&amp;emdi=b537d34c-8b1d-ed11-bd6e-281878b83d8a&amp;ceid=5393437\" target=\"_blank\" rel=\"noreferrer noopener\">RSVP para este evento AQU\u00cd<\/a>. La admisi\u00f3n es gratis.&nbsp;<\/p>\n\n\n\n<p><\/p>","protected":false},"excerpt":{"rendered":"<p>An invitation from our friends at Detroit Action: Join Detroit Action at our Black August event where we will be reimagining a world through an abolitionist point of view and healing justice policies. For generations, Black and Brown communities have felt the negative impact of living under a violent police state that&#8217;s why we want [&hellip;]<\/p>\n","protected":false},"author":4,"featured_media":2811,"comment_status":"open","ping_status":"open","sticky":false,"template":"","format":"standard","meta":{"_gspb_post_css":"","progress_planner_page_todos":"","activitypub_content_warning":"","activitypub_content_visibility":"","activitypub_max_image_attachments":3,"activitypub_interaction_policy_quote":"anyone","activitypub_status":"","footnotes":""},"categories":[6,1],"tags":[],"progress_planner_page_types":[],"class_list":["post-2808","post","type-post","status-publish","format-standard","has-post-thumbnail","hentry","category-in-the-news","category-uncategorized"],"yoast_head":"<!-- This site is optimized with the Yoast SEO plugin v27.4 - https:\/\/yoast.com\/product\/yoast-seo-wordpress\/ -->\n<title>Black August: Reimagining &#8211; Voting Access For All<\/title>\n<meta name=\"description\" content=\"Join Detroit Action at our Black August event where we will be reimagining a world through an abolitionist point of view.\" \/>\n<meta name=\"robots\" content=\"index, follow, max-snippet:-1, max-image-preview:large, max-video-preview:-1\" \/>\n<link rel=\"canonical\" href=\"https:\/\/votingaccessforall.org\/es\/2022\/08\/black-august-reimagining\/\" \/>\n<meta property=\"og:locale\" content=\"es_MX\" \/>\n<meta property=\"og:type\" content=\"article\" \/>\n<meta property=\"og:title\" content=\"Black August: Reimagining &#8211; Voting Access For All\" \/>\n<meta property=\"og:description\" content=\"Join Detroit Action at our Black August event where we will be reimagining a world through an abolitionist point of view.\" \/>\n<meta property=\"og:url\" content=\"https:\/\/votingaccessforall.org\/es\/2022\/08\/black-august-reimagining\/\" \/>\n<meta property=\"og:site_name\" content=\"Voting Access For All\" \/>\n<meta property=\"article:publisher\" content=\"https:\/\/www.facebook.com\/VotingAccessForAll\/\" \/>\n<meta property=\"article:published_time\" content=\"2022-08-19T12:06:41+00:00\" \/>\n<meta property=\"article:modified_time\" content=\"2022-08-19T12:38:44+00:00\" \/>\n<meta property=\"og:image\" content=\"https:\/\/votingaccessforall.org\/wp-content\/uploads\/2022\/08\/detroit-action-logo.jpg\" \/>\n\t<meta property=\"og:image:width\" content=\"386\" \/>\n\t<meta property=\"og:image:height\" content=\"308\" \/>\n\t<meta property=\"og:image:type\" content=\"image\/jpeg\" \/>\n<meta name=\"author\" content=\"Margaret\" \/>\n<meta name=\"twitter:card\" content=\"summary_large_image\" \/>\n<meta name=\"twitter:label1\" content=\"Escrito por\" \/>\n\t<meta name=\"twitter:data1\" content=\"Margaret\" \/>\n\t<meta name=\"twitter:label2\" content=\"Tiempo de lectura\" \/>\n\t<meta name=\"twitter:data2\" content=\"1 minuto\" \/>\n<script type=\"application\/ld+json\" class=\"yoast-schema-graph\">{\"@context\":\"https:\\\/\\\/schema.org\",\"@graph\":[{\"@type\":\"Article\",\"@id\":\"https:\\\/\\\/votingaccessforall.org\\\/2022\\\/08\\\/black-august-reimagining\\\/#article\",\"isPartOf\":{\"@id\":\"https:\\\/\\\/votingaccessforall.org\\\/2022\\\/08\\\/black-august-reimagining\\\/\"},\"author\":{\"name\":\"Margaret\",\"@id\":\"https:\\\/\\\/votingaccessforall.org\\\/#\\\/schema\\\/person\\\/983cfad489dc1272208e80c46104a3e6\"},\"headline\":\"Black August: Reimagining\",\"datePublished\":\"2022-08-19T12:06:41+00:00\",\"dateModified\":\"2022-08-19T12:38:44+00:00\",\"mainEntityOfPage\":{\"@id\":\"https:\\\/\\\/votingaccessforall.org\\\/2022\\\/08\\\/black-august-reimagining\\\/\"},\"wordCount\":118,\"commentCount\":0,\"publisher\":{\"@id\":\"https:\\\/\\\/votingaccessforall.org\\\/#organization\"},\"image\":{\"@id\":\"https:\\\/\\\/votingaccessforall.org\\\/2022\\\/08\\\/black-august-reimagining\\\/#primaryimage\"},\"thumbnailUrl\":\"https:\\\/\\\/votingaccessforall.org\\\/wp-content\\\/uploads\\\/2022\\\/08\\\/detroit-action-logo.jpg\",\"articleSection\":[\"In The News\",\"Uncategorized\"],\"inLanguage\":\"es\",\"potentialAction\":[{\"@type\":\"CommentAction\",\"name\":\"Comment\",\"target\":[\"https:\\\/\\\/votingaccessforall.org\\\/2022\\\/08\\\/black-august-reimagining\\\/#respond\"]}]},{\"@type\":\"WebPage\",\"@id\":\"https:\\\/\\\/votingaccessforall.org\\\/2022\\\/08\\\/black-august-reimagining\\\/\",\"url\":\"https:\\\/\\\/votingaccessforall.org\\\/2022\\\/08\\\/black-august-reimagining\\\/\",\"name\":\"Black August: Reimagining &#8211; Voting Access For All\",\"isPartOf\":{\"@id\":\"https:\\\/\\\/votingaccessforall.org\\\/#website\"},\"primaryImageOfPage\":{\"@id\":\"https:\\\/\\\/votingaccessforall.org\\\/2022\\\/08\\\/black-august-reimagining\\\/#primaryimage\"},\"image\":{\"@id\":\"https:\\\/\\\/votingaccessforall.org\\\/2022\\\/08\\\/black-august-reimagining\\\/#primaryimage\"},\"thumbnailUrl\":\"https:\\\/\\\/votingaccessforall.org\\\/wp-content\\\/uploads\\\/2022\\\/08\\\/detroit-action-logo.jpg\",\"datePublished\":\"2022-08-19T12:06:41+00:00\",\"dateModified\":\"2022-08-19T12:38:44+00:00\",\"description\":\"Join Detroit Action at our Black August event where we will be reimagining a world through an abolitionist point of view.\",\"breadcrumb\":{\"@id\":\"https:\\\/\\\/votingaccessforall.org\\\/2022\\\/08\\\/black-august-reimagining\\\/#breadcrumb\"},\"inLanguage\":\"es\",\"potentialAction\":[{\"@type\":\"ReadAction\",\"target\":[\"https:\\\/\\\/votingaccessforall.org\\\/2022\\\/08\\\/black-august-reimagining\\\/\"]}]},{\"@type\":\"ImageObject\",\"inLanguage\":\"es\",\"@id\":\"https:\\\/\\\/votingaccessforall.org\\\/2022\\\/08\\\/black-august-reimagining\\\/#primaryimage\",\"url\":\"https:\\\/\\\/votingaccessforall.org\\\/wp-content\\\/uploads\\\/2022\\\/08\\\/detroit-action-logo.jpg\",\"contentUrl\":\"https:\\\/\\\/votingaccessforall.org\\\/wp-content\\\/uploads\\\/2022\\\/08\\\/detroit-action-logo.jpg\",\"width\":386,\"height\":308},{\"@type\":\"BreadcrumbList\",\"@id\":\"https:\\\/\\\/votingaccessforall.org\\\/2022\\\/08\\\/black-august-reimagining\\\/#breadcrumb\",\"itemListElement\":[{\"@type\":\"ListItem\",\"position\":1,\"name\":\"Home\",\"item\":\"https:\\\/\\\/votingaccessforall.org\\\/\"},{\"@type\":\"ListItem\",\"position\":2,\"name\":\"Black August: Reimagining\"}]},{\"@type\":\"WebSite\",\"@id\":\"https:\\\/\\\/votingaccessforall.org\\\/#website\",\"url\":\"https:\\\/\\\/votingaccessforall.org\\\/\",\"name\":\"Voting Access For All\",\"description\":\"Empowering ALL Michigan Voters: Voting Is Your Right!\",\"publisher\":{\"@id\":\"https:\\\/\\\/votingaccessforall.org\\\/#organization\"},\"potentialAction\":[{\"@type\":\"SearchAction\",\"target\":{\"@type\":\"EntryPoint\",\"urlTemplate\":\"https:\\\/\\\/votingaccessforall.org\\\/?s={search_term_string}\"},\"query-input\":{\"@type\":\"PropertyValueSpecification\",\"valueRequired\":true,\"valueName\":\"search_term_string\"}}],\"inLanguage\":\"es\"},{\"@type\":\"Organization\",\"@id\":\"https:\\\/\\\/votingaccessforall.org\\\/#organization\",\"name\":\"Voting Access for All Coalition\",\"url\":\"https:\\\/\\\/votingaccessforall.org\\\/\",\"logo\":{\"@type\":\"ImageObject\",\"inLanguage\":\"es\",\"@id\":\"https:\\\/\\\/votingaccessforall.org\\\/#\\\/schema\\\/logo\\\/image\\\/\",\"url\":\"https:\\\/\\\/votingaccessforall.org\\\/wp-content\\\/uploads\\\/2021\\\/05\\\/cropped-VAAC_logo_Small.jpg\",\"contentUrl\":\"https:\\\/\\\/votingaccessforall.org\\\/wp-content\\\/uploads\\\/2021\\\/05\\\/cropped-VAAC_logo_Small.jpg\",\"width\":512,\"height\":512,\"caption\":\"Voting Access for All Coalition\"},\"image\":{\"@id\":\"https:\\\/\\\/votingaccessforall.org\\\/#\\\/schema\\\/logo\\\/image\\\/\"},\"sameAs\":[\"https:\\\/\\\/www.facebook.com\\\/VotingAccessForAll\\\/\",\"https:\\\/\\\/www.instagram.com\\\/votingaccessforall\\\/\",\"https:\\\/\\\/www.youtube.com\\\/@VotingAccessForAll\",\"https:\\\/\\\/www.linkedin.com\\\/company\\\/voting-access-for-all-vaac\\\/\",\"https:\\\/\\\/bsky.app\\\/profile\\\/votingaccessforall.bsky.social\"]},{\"@type\":\"Person\",\"@id\":\"https:\\\/\\\/votingaccessforall.org\\\/#\\\/schema\\\/person\\\/983cfad489dc1272208e80c46104a3e6\",\"name\":\"Margaret\",\"image\":{\"@type\":\"ImageObject\",\"inLanguage\":\"es\",\"@id\":\"https:\\\/\\\/secure.gravatar.com\\\/avatar\\\/3b1aa2145a21b0b240f706a51eb460e584da99e2feefd4e50b40544f2fe9f972?s=96&d=mm&r=g\",\"url\":\"https:\\\/\\\/secure.gravatar.com\\\/avatar\\\/3b1aa2145a21b0b240f706a51eb460e584da99e2feefd4e50b40544f2fe9f972?s=96&d=mm&r=g\",\"contentUrl\":\"https:\\\/\\\/secure.gravatar.com\\\/avatar\\\/3b1aa2145a21b0b240f706a51eb460e584da99e2feefd4e50b40544f2fe9f972?s=96&d=mm&r=g\",\"caption\":\"Margaret\"},\"url\":\"https:\\\/\\\/votingaccessforall.org\\\/es\\\/author\\\/margaret\\\/\"}]}<\/script>\n<!-- \/ Yoast SEO plugin. -->","yoast_head_json":{"title":"Black August: Reimagining &#8211; Voting Access For All","description":"Join Detroit Action at our Black August event where we will be reimagining a world through an abolitionist point of view.","robots":{"index":"index","follow":"follow","max-snippet":"max-snippet:-1","max-image-preview":"max-image-preview:large","max-video-preview":"max-video-preview:-1"},"canonical":"https:\/\/votingaccessforall.org\/es\/2022\/08\/black-august-reimagining\/","og_locale":"es_MX","og_type":"article","og_title":"Black August: Reimagining &#8211; Voting Access For All","og_description":"Join Detroit Action at our Black August event where we will be reimagining a world through an abolitionist point of view.","og_url":"https:\/\/votingaccessforall.org\/es\/2022\/08\/black-august-reimagining\/","og_site_name":"Voting Access For All","article_publisher":"https:\/\/www.facebook.com\/VotingAccessForAll\/","article_published_time":"2022-08-19T12:06:41+00:00","article_modified_time":"2022-08-19T12:38:44+00:00","og_image":[{"width":386,"height":308,"url":"https:\/\/votingaccessforall.org\/wp-content\/uploads\/2022\/08\/detroit-action-logo.jpg","type":"image\/jpeg"}],"author":"Margaret","twitter_card":"summary_large_image","twitter_misc":{"Escrito por":"Margaret","Tiempo de lectura":"1 minuto"},"schema":{"@context":"https:\/\/schema.org","@graph":[{"@type":"Article","@id":"https:\/\/votingaccessforall.org\/2022\/08\/black-august-reimagining\/#article","isPartOf":{"@id":"https:\/\/votingaccessforall.org\/2022\/08\/black-august-reimagining\/"},"author":{"name":"Margaret","@id":"https:\/\/votingaccessforall.org\/#\/schema\/person\/983cfad489dc1272208e80c46104a3e6"},"headline":"Black August: Reimagining","datePublished":"2022-08-19T12:06:41+00:00","dateModified":"2022-08-19T12:38:44+00:00","mainEntityOfPage":{"@id":"https:\/\/votingaccessforall.org\/2022\/08\/black-august-reimagining\/"},"wordCount":118,"commentCount":0,"publisher":{"@id":"https:\/\/votingaccessforall.org\/#organization"},"image":{"@id":"https:\/\/votingaccessforall.org\/2022\/08\/black-august-reimagining\/#primaryimage"},"thumbnailUrl":"https:\/\/votingaccessforall.org\/wp-content\/uploads\/2022\/08\/detroit-action-logo.jpg","articleSection":["In The News","Uncategorized"],"inLanguage":"es","potentialAction":[{"@type":"CommentAction","name":"Comment","target":["https:\/\/votingaccessforall.org\/2022\/08\/black-august-reimagining\/#respond"]}]},{"@type":"WebPage","@id":"https:\/\/votingaccessforall.org\/2022\/08\/black-august-reimagining\/","url":"https:\/\/votingaccessforall.org\/2022\/08\/black-august-reimagining\/","name":"Black August: Reimagining &#8211; Voting Access For All","isPartOf":{"@id":"https:\/\/votingaccessforall.org\/#website"},"primaryImageOfPage":{"@id":"https:\/\/votingaccessforall.org\/2022\/08\/black-august-reimagining\/#primaryimage"},"image":{"@id":"https:\/\/votingaccessforall.org\/2022\/08\/black-august-reimagining\/#primaryimage"},"thumbnailUrl":"https:\/\/votingaccessforall.org\/wp-content\/uploads\/2022\/08\/detroit-action-logo.jpg","datePublished":"2022-08-19T12:06:41+00:00","dateModified":"2022-08-19T12:38:44+00:00","description":"Join Detroit Action at our Black August event where we will be reimagining a world through an abolitionist point of view.","breadcrumb":{"@id":"https:\/\/votingaccessforall.org\/2022\/08\/black-august-reimagining\/#breadcrumb"},"inLanguage":"es","potentialAction":[{"@type":"ReadAction","target":["https:\/\/votingaccessforall.org\/2022\/08\/black-august-reimagining\/"]}]},{"@type":"ImageObject","inLanguage":"es","@id":"https:\/\/votingaccessforall.org\/2022\/08\/black-august-reimagining\/#primaryimage","url":"https:\/\/votingaccessforall.org\/wp-content\/uploads\/2022\/08\/detroit-action-logo.jpg","contentUrl":"https:\/\/votingaccessforall.org\/wp-content\/uploads\/2022\/08\/detroit-action-logo.jpg","width":386,"height":308},{"@type":"BreadcrumbList","@id":"https:\/\/votingaccessforall.org\/2022\/08\/black-august-reimagining\/#breadcrumb","itemListElement":[{"@type":"ListItem","position":1,"name":"Home","item":"https:\/\/votingaccessforall.org\/"},{"@type":"ListItem","position":2,"name":"Black August: Reimagining"}]},{"@type":"WebSite","@id":"https:\/\/votingaccessforall.org\/#website","url":"https:\/\/votingaccessforall.org\/","name":"Acceso a la votaci\u00f3n para todos","description":"Empoderando a TODOS los votantes de Michigan:<br \/>\u00a1Votar es su derecho!","publisher":{"@id":"https:\/\/votingaccessforall.org\/#organization"},"potentialAction":[{"@type":"SearchAction","target":{"@type":"EntryPoint","urlTemplate":"https:\/\/votingaccessforall.org\/?s={search_term_string}"},"query-input":{"@type":"PropertyValueSpecification","valueRequired":true,"valueName":"search_term_string"}}],"inLanguage":"es"},{"@type":"Organization","@id":"https:\/\/votingaccessforall.org\/#organization","name":"Coalici\u00f3n de acceso a la votaci\u00f3n para todos","url":"https:\/\/votingaccessforall.org\/","logo":{"@type":"ImageObject","inLanguage":"es","@id":"https:\/\/votingaccessforall.org\/#\/schema\/logo\/image\/","url":"https:\/\/votingaccessforall.org\/wp-content\/uploads\/2021\/05\/cropped-VAAC_logo_Small.jpg","contentUrl":"https:\/\/votingaccessforall.org\/wp-content\/uploads\/2021\/05\/cropped-VAAC_logo_Small.jpg","width":512,"height":512,"caption":"Voting Access for All Coalition"},"image":{"@id":"https:\/\/votingaccessforall.org\/#\/schema\/logo\/image\/"},"sameAs":["https:\/\/www.facebook.com\/VotingAccessForAll\/","https:\/\/www.instagram.com\/votingaccessforall\/","https:\/\/www.youtube.com\/@VotingAccessForAll","https:\/\/www.linkedin.com\/company\/voting-access-for-all-vaac\/","https:\/\/bsky.app\/profile\/votingaccessforall.bsky.social"]},{"@type":"Person","@id":"https:\/\/votingaccessforall.org\/#\/schema\/person\/983cfad489dc1272208e80c46104a3e6","name":"Margarita","image":{"@type":"ImageObject","inLanguage":"es","@id":"https:\/\/secure.gravatar.com\/avatar\/3b1aa2145a21b0b240f706a51eb460e584da99e2feefd4e50b40544f2fe9f972?s=96&d=mm&r=g","url":"https:\/\/secure.gravatar.com\/avatar\/3b1aa2145a21b0b240f706a51eb460e584da99e2feefd4e50b40544f2fe9f972?s=96&d=mm&r=g","contentUrl":"https:\/\/secure.gravatar.com\/avatar\/3b1aa2145a21b0b240f706a51eb460e584da99e2feefd4e50b40544f2fe9f972?s=96&d=mm&r=g","caption":"Margaret"},"url":"https:\/\/votingaccessforall.org\/es\/author\/margaret\/"}]}},"_links":{"self":[{"href":"https:\/\/votingaccessforall.org\/es\/wp-json\/wp\/v2\/posts\/2808","targetHints":{"allow":["GET"]}}],"collection":[{"href":"https:\/\/votingaccessforall.org\/es\/wp-json\/wp\/v2\/posts"}],"about":[{"href":"https:\/\/votingaccessforall.org\/es\/wp-json\/wp\/v2\/types\/post"}],"author":[{"embeddable":true,"href":"https:\/\/votingaccessforall.org\/es\/wp-json\/wp\/v2\/users\/4"}],"replies":[{"embeddable":true,"href":"https:\/\/votingaccessforall.org\/es\/wp-json\/wp\/v2\/comments?post=2808"}],"version-history":[{"count":2,"href":"https:\/\/votingaccessforall.org\/es\/wp-json\/wp\/v2\/posts\/2808\/revisions"}],"predecessor-version":[{"id":2812,"href":"https:\/\/votingaccessforall.org\/es\/wp-json\/wp\/v2\/posts\/2808\/revisions\/2812"}],"wp:featuredmedia":[{"embeddable":true,"href":"https:\/\/votingaccessforall.org\/es\/wp-json\/wp\/v2\/media\/2811"}],"wp:attachment":[{"href":"https:\/\/votingaccessforall.org\/es\/wp-json\/wp\/v2\/media?parent=2808"}],"wp:term":[{"taxonomy":"category","embeddable":true,"href":"https:\/\/votingaccessforall.org\/es\/wp-json\/wp\/v2\/categories?post=2808"},{"taxonomy":"post_tag","embeddable":true,"href":"https:\/\/votingaccessforall.org\/es\/wp-json\/wp\/v2\/tags?post=2808"},{"taxonomy":"progress_planner_page_types","embeddable":true,"href":"https:\/\/votingaccessforall.org\/es\/wp-json\/wp\/v2\/progress_planner_page_types?post=2808"}],"curies":[{"name":"gracias","href":"https:\/\/api.w.org\/{rel}","templated":true}]}}