{"id":2774,"date":"2022-07-29T07:39:22","date_gmt":"2022-07-29T11:39:22","guid":{"rendered":"https:\/\/votingaccessforall.org\/?p=2774"},"modified":"2022-07-29T07:40:10","modified_gmt":"2022-07-29T11:40:10","slug":"genesee-county-jail-inmates-cast-absentee-ballots-for-august-2-primary","status":"publish","type":"post","link":"https:\/\/votingaccessforall.org\/es\/2022\/07\/genesee-county-jail-inmates-cast-absentee-ballots-for-august-2-primary\/","title":{"rendered":"Los reclusos de la c\u00e1rcel del condado de Genesee emiten su voto en ausencia para las elecciones primarias del 2 de agosto"},"content":{"rendered":"<figure class=\"wp-block-image size-large is-resized\"><img loading=\"lazy\" decoding=\"async\" src=\"https:\/\/votingaccessforall.org\/wp-content\/uploads\/2022\/07\/jail-vote-1024x762.jpg\" alt=\"\" class=\"wp-image-2775\" width=\"370\" height=\"275\" srcset=\"https:\/\/votingaccessforall.org\/wp-content\/uploads\/2022\/07\/jail-vote-1024x762.jpg 1024w, https:\/\/votingaccessforall.org\/wp-content\/uploads\/2022\/07\/jail-vote-300x223.jpg 300w, https:\/\/votingaccessforall.org\/wp-content\/uploads\/2022\/07\/jail-vote-768x572.jpg 768w, https:\/\/votingaccessforall.org\/wp-content\/uploads\/2022\/07\/jail-vote-16x12.jpg 16w, https:\/\/votingaccessforall.org\/wp-content\/uploads\/2022\/07\/jail-vote-403x300.jpg 403w, https:\/\/votingaccessforall.org\/wp-content\/uploads\/2022\/07\/jail-vote.jpg 1092w\" sizes=\"auto, (max-width: 370px) 100vw, 370px\" \/><\/figure>\n\n\n\n<p>Mira la historia en video de <a href=\"https:\/\/www.abc12.com\/news\/local\/genesee-county-jail-inmates-cast-absentee-ballots-for-aug-2-primary\/article_42a7b1ba-0ebb-11ed-bfc5-2b336d152418.html\" target=\"_blank\" rel=\"noreferrer noopener\">ABC12.com<\/a> con miembro de VAAC y embajador de la c\u00e1rcel <a href=\"https:\/\/votingaccessforall.org\/es\/2022\/02\/percy-glover\/\" target=\"_blank\" rel=\"noreferrer noopener\">percy guantero<\/a>.<\/p>\n\n\n\n<p>CONDADO DE GENESEE, Michigan (WJRT) \u2013 A menos de una semana de las elecciones, un electorado subrepresentado est\u00e1 dejando que se escuchen sus voces.<\/p>\n\n\n\n<p>Alrededor de 85 reclusos en la C\u00e1rcel del Condado de Genesee votaron en ausencia el jueves.<\/p>\n\n\n\n<p>Vinieron uno por uno a emitir su voto para las elecciones primarias del martes.<\/p>\n\n\n\n<p>Tia Gaines, reclusa en la c\u00e1rcel del condado de Genesee, se sorprendi\u00f3 al saber que todav\u00eda ten\u00eda ese derecho.<\/p>\n\n\n\n<p>&quot;Estaba totalmente sorprendido de lo que podemos hacer&quot;. Gaines sab\u00eda que quer\u00eda ser parte del proceso pol\u00edtico, aunque estaba tras las rejas. \u201cDiablos, s\u00ed, inscr\u00edbeme. Quiero hacer eso\u201d, dijo.<\/p>\n\n\n\n<p>Cualquier persona en la c\u00e1rcel por servicios previos al juicio que no haya sido condenado puede dejar que su voz se escuche en las urnas.<\/p>\n\n\n\n<p>\u201c80 a 90% de las personas que est\u00e1n en la c\u00e1rcel volver\u00e1n a la comunidad. Hay un porcentaje menor de personas que ir\u00e1n a prisi\u00f3n, por lo que desea brindarles a las personas todas las herramientas y poner todas las herramientas en su caja de herramientas para que puedan tener \u00e9xito una vez que regresen a la comunidad\u201d, dijo Percy Glover, un embajador del condado de Genesee que trabaja con la oficina del Sheriff.<\/p>\n\n\n\n<p>\u201cVotar es un aspecto clave de eso (garantizar el \u00e9xito de los reclusos despu\u00e9s del encarcelamiento)\u201d.<\/p>\n\n\n\n<p>Esta es la octava elecci\u00f3n que Glover ha ayudado a organizar y registrar a los votantes que est\u00e1n tras las rejas. Es una iniciativa que muchas c\u00e1rceles no han asumido.<\/p>\n\n\n\n<p>\u201cSomos una de las pocas c\u00e1rceles en todo el pa\u00eds que hace esto\u201d, dijo Glover.<\/p>\n\n\n\n<p>Gaines y la propia reclusa se unieron a Glover y otros para ayudar a que otros reclusos se registraran para votar.<\/p>\n\n\n\n<p>\u201cFui uno de los que reuni\u00f3 a las chicas como si tu voz importara. Vamos a rockear esto. Estamos a punto de hacer esto\u201d, dijo Gaines.<\/p>\n\n\n\n<p>Hay un sentimiento de orgullo que sinti\u00f3 por participar en el proceso. Despu\u00e9s de emitir su voto, mostr\u00f3 una brillante sonrisa para las c\u00e1maras de ABC12 News.<\/p>","protected":false},"excerpt":{"rendered":"<p>Watch the video story from ABC12.com featuring VAAC Member and Jail Ambassador Percy Glover. GENESEE COUNTY, Mich. (WJRT) &#8211; With the election less than a week away, an underrepresented electorate is letting their voices be heard. About 85 inmates at the Genesee County Jail voted by absentee ballot Thursday. They came one by one to [&hellip;]<\/p>\n","protected":false},"author":4,"featured_media":2775,"comment_status":"open","ping_status":"open","sticky":false,"template":"","format":"standard","meta":{"_gspb_post_css":"","progress_planner_page_todos":"","activitypub_content_warning":"","activitypub_content_visibility":"","activitypub_max_image_attachments":3,"activitypub_interaction_policy_quote":"anyone","activitypub_status":"","footnotes":""},"categories":[6,38],"tags":[],"progress_planner_page_types":[],"class_list":["post-2774","post","type-post","status-publish","format-standard","has-post-thumbnail","hentry","category-in-the-news","category-jail-voting"],"yoast_head":"<!-- This site is optimized with the Yoast SEO plugin v27.4 - https:\/\/yoast.com\/product\/yoast-seo-wordpress\/ -->\n<title>Genesee County Jail Inmates Cast Absentee Ballots for August 2 Primary &#8211; Voting Access For All<\/title>\n<meta name=\"description\" content=\"About 85 inmates at the Genesee County Jail voted by absentee ballot Thursday.They came one by one to cast their ballot for Tuesday\u2019s primary election.Tia Gaines, an inmate at the Genesee County Jail was surprised to learn that she still had that right.\" \/>\n<meta name=\"robots\" content=\"index, follow, max-snippet:-1, max-image-preview:large, max-video-preview:-1\" \/>\n<link rel=\"canonical\" href=\"https:\/\/votingaccessforall.org\/es\/2022\/07\/genesee-county-jail-inmates-cast-absentee-ballots-for-august-2-primary\/\" \/>\n<meta property=\"og:locale\" content=\"es_MX\" \/>\n<meta property=\"og:type\" content=\"article\" \/>\n<meta property=\"og:title\" content=\"Genesee County Jail Inmates Cast Absentee Ballots for August 2 Primary &#8211; Voting Access For All\" \/>\n<meta property=\"og:description\" content=\"About 85 inmates at the Genesee County Jail voted by absentee ballot Thursday.They came one by one to cast their ballot for Tuesday\u2019s primary election.Tia Gaines, an inmate at the Genesee County Jail was surprised to learn that she still had that right.\" \/>\n<meta property=\"og:url\" content=\"https:\/\/votingaccessforall.org\/es\/2022\/07\/genesee-county-jail-inmates-cast-absentee-ballots-for-august-2-primary\/\" \/>\n<meta property=\"og:site_name\" content=\"Voting Access For All\" \/>\n<meta property=\"article:publisher\" content=\"https:\/\/www.facebook.com\/VotingAccessForAll\/\" \/>\n<meta property=\"article:published_time\" content=\"2022-07-29T11:39:22+00:00\" \/>\n<meta property=\"article:modified_time\" content=\"2022-07-29T11:40:10+00:00\" \/>\n<meta property=\"og:image\" content=\"https:\/\/votingaccessforall.org\/wp-content\/uploads\/2022\/07\/jail-vote.jpg\" \/>\n\t<meta property=\"og:image:width\" content=\"1092\" \/>\n\t<meta property=\"og:image:height\" content=\"813\" \/>\n\t<meta property=\"og:image:type\" content=\"image\/jpeg\" \/>\n<meta name=\"author\" content=\"Margaret\" \/>\n<meta name=\"twitter:card\" content=\"summary_large_image\" \/>\n<meta name=\"twitter:label1\" content=\"Escrito por\" \/>\n\t<meta name=\"twitter:data1\" content=\"Margaret\" \/>\n\t<meta name=\"twitter:label2\" content=\"Tiempo de lectura\" \/>\n\t<meta name=\"twitter:data2\" content=\"2 minutos\" \/>\n<script type=\"application\/ld+json\" class=\"yoast-schema-graph\">{\"@context\":\"https:\\\/\\\/schema.org\",\"@graph\":[{\"@type\":\"Article\",\"@id\":\"https:\\\/\\\/votingaccessforall.org\\\/2022\\\/07\\\/genesee-county-jail-inmates-cast-absentee-ballots-for-august-2-primary\\\/#article\",\"isPartOf\":{\"@id\":\"https:\\\/\\\/votingaccessforall.org\\\/2022\\\/07\\\/genesee-county-jail-inmates-cast-absentee-ballots-for-august-2-primary\\\/\"},\"author\":{\"name\":\"Margaret\",\"@id\":\"https:\\\/\\\/votingaccessforall.org\\\/#\\\/schema\\\/person\\\/983cfad489dc1272208e80c46104a3e6\"},\"headline\":\"Genesee County Jail Inmates Cast Absentee Ballots for August 2 Primary\",\"datePublished\":\"2022-07-29T11:39:22+00:00\",\"dateModified\":\"2022-07-29T11:40:10+00:00\",\"mainEntityOfPage\":{\"@id\":\"https:\\\/\\\/votingaccessforall.org\\\/2022\\\/07\\\/genesee-county-jail-inmates-cast-absentee-ballots-for-august-2-primary\\\/\"},\"wordCount\":350,\"commentCount\":0,\"publisher\":{\"@id\":\"https:\\\/\\\/votingaccessforall.org\\\/#organization\"},\"image\":{\"@id\":\"https:\\\/\\\/votingaccessforall.org\\\/2022\\\/07\\\/genesee-county-jail-inmates-cast-absentee-ballots-for-august-2-primary\\\/#primaryimage\"},\"thumbnailUrl\":\"https:\\\/\\\/votingaccessforall.org\\\/wp-content\\\/uploads\\\/2022\\\/07\\\/jail-vote.jpg\",\"articleSection\":[\"In The News\",\"Jail Voting\"],\"inLanguage\":\"es\",\"potentialAction\":[{\"@type\":\"CommentAction\",\"name\":\"Comment\",\"target\":[\"https:\\\/\\\/votingaccessforall.org\\\/2022\\\/07\\\/genesee-county-jail-inmates-cast-absentee-ballots-for-august-2-primary\\\/#respond\"]}]},{\"@type\":\"WebPage\",\"@id\":\"https:\\\/\\\/votingaccessforall.org\\\/2022\\\/07\\\/genesee-county-jail-inmates-cast-absentee-ballots-for-august-2-primary\\\/\",\"url\":\"https:\\\/\\\/votingaccessforall.org\\\/2022\\\/07\\\/genesee-county-jail-inmates-cast-absentee-ballots-for-august-2-primary\\\/\",\"name\":\"Genesee County Jail Inmates Cast Absentee Ballots for August 2 Primary &#8211; Voting Access For All\",\"isPartOf\":{\"@id\":\"https:\\\/\\\/votingaccessforall.org\\\/#website\"},\"primaryImageOfPage\":{\"@id\":\"https:\\\/\\\/votingaccessforall.org\\\/2022\\\/07\\\/genesee-county-jail-inmates-cast-absentee-ballots-for-august-2-primary\\\/#primaryimage\"},\"image\":{\"@id\":\"https:\\\/\\\/votingaccessforall.org\\\/2022\\\/07\\\/genesee-county-jail-inmates-cast-absentee-ballots-for-august-2-primary\\\/#primaryimage\"},\"thumbnailUrl\":\"https:\\\/\\\/votingaccessforall.org\\\/wp-content\\\/uploads\\\/2022\\\/07\\\/jail-vote.jpg\",\"datePublished\":\"2022-07-29T11:39:22+00:00\",\"dateModified\":\"2022-07-29T11:40:10+00:00\",\"description\":\"About 85 inmates at the Genesee County Jail voted by absentee ballot Thursday.They came one by one to cast their ballot for Tuesday\u2019s primary election.Tia Gaines, an inmate at the Genesee County Jail was surprised to learn that she still had that right.\",\"breadcrumb\":{\"@id\":\"https:\\\/\\\/votingaccessforall.org\\\/2022\\\/07\\\/genesee-county-jail-inmates-cast-absentee-ballots-for-august-2-primary\\\/#breadcrumb\"},\"inLanguage\":\"es\",\"potentialAction\":[{\"@type\":\"ReadAction\",\"target\":[\"https:\\\/\\\/votingaccessforall.org\\\/2022\\\/07\\\/genesee-county-jail-inmates-cast-absentee-ballots-for-august-2-primary\\\/\"]}]},{\"@type\":\"ImageObject\",\"inLanguage\":\"es\",\"@id\":\"https:\\\/\\\/votingaccessforall.org\\\/2022\\\/07\\\/genesee-county-jail-inmates-cast-absentee-ballots-for-august-2-primary\\\/#primaryimage\",\"url\":\"https:\\\/\\\/votingaccessforall.org\\\/wp-content\\\/uploads\\\/2022\\\/07\\\/jail-vote.jpg\",\"contentUrl\":\"https:\\\/\\\/votingaccessforall.org\\\/wp-content\\\/uploads\\\/2022\\\/07\\\/jail-vote.jpg\",\"width\":1092,\"height\":813},{\"@type\":\"BreadcrumbList\",\"@id\":\"https:\\\/\\\/votingaccessforall.org\\\/2022\\\/07\\\/genesee-county-jail-inmates-cast-absentee-ballots-for-august-2-primary\\\/#breadcrumb\",\"itemListElement\":[{\"@type\":\"ListItem\",\"position\":1,\"name\":\"Home\",\"item\":\"https:\\\/\\\/votingaccessforall.org\\\/\"},{\"@type\":\"ListItem\",\"position\":2,\"name\":\"Genesee County Jail Inmates Cast Absentee Ballots for August 2 Primary\"}]},{\"@type\":\"WebSite\",\"@id\":\"https:\\\/\\\/votingaccessforall.org\\\/#website\",\"url\":\"https:\\\/\\\/votingaccessforall.org\\\/\",\"name\":\"Voting Access For All\",\"description\":\"Empowering ALL Michigan Voters: Voting Is Your Right!\",\"publisher\":{\"@id\":\"https:\\\/\\\/votingaccessforall.org\\\/#organization\"},\"potentialAction\":[{\"@type\":\"SearchAction\",\"target\":{\"@type\":\"EntryPoint\",\"urlTemplate\":\"https:\\\/\\\/votingaccessforall.org\\\/?s={search_term_string}\"},\"query-input\":{\"@type\":\"PropertyValueSpecification\",\"valueRequired\":true,\"valueName\":\"search_term_string\"}}],\"inLanguage\":\"es\"},{\"@type\":\"Organization\",\"@id\":\"https:\\\/\\\/votingaccessforall.org\\\/#organization\",\"name\":\"Voting Access for All Coalition\",\"url\":\"https:\\\/\\\/votingaccessforall.org\\\/\",\"logo\":{\"@type\":\"ImageObject\",\"inLanguage\":\"es\",\"@id\":\"https:\\\/\\\/votingaccessforall.org\\\/#\\\/schema\\\/logo\\\/image\\\/\",\"url\":\"https:\\\/\\\/votingaccessforall.org\\\/wp-content\\\/uploads\\\/2021\\\/05\\\/cropped-VAAC_logo_Small.jpg\",\"contentUrl\":\"https:\\\/\\\/votingaccessforall.org\\\/wp-content\\\/uploads\\\/2021\\\/05\\\/cropped-VAAC_logo_Small.jpg\",\"width\":512,\"height\":512,\"caption\":\"Voting Access for All Coalition\"},\"image\":{\"@id\":\"https:\\\/\\\/votingaccessforall.org\\\/#\\\/schema\\\/logo\\\/image\\\/\"},\"sameAs\":[\"https:\\\/\\\/www.facebook.com\\\/VotingAccessForAll\\\/\",\"https:\\\/\\\/www.instagram.com\\\/votingaccessforall\\\/\",\"https:\\\/\\\/www.youtube.com\\\/@VotingAccessForAll\",\"https:\\\/\\\/www.linkedin.com\\\/company\\\/voting-access-for-all-vaac\\\/\",\"https:\\\/\\\/bsky.app\\\/profile\\\/votingaccessforall.bsky.social\"]},{\"@type\":\"Person\",\"@id\":\"https:\\\/\\\/votingaccessforall.org\\\/#\\\/schema\\\/person\\\/983cfad489dc1272208e80c46104a3e6\",\"name\":\"Margaret\",\"image\":{\"@type\":\"ImageObject\",\"inLanguage\":\"es\",\"@id\":\"https:\\\/\\\/secure.gravatar.com\\\/avatar\\\/3b1aa2145a21b0b240f706a51eb460e584da99e2feefd4e50b40544f2fe9f972?s=96&d=mm&r=g\",\"url\":\"https:\\\/\\\/secure.gravatar.com\\\/avatar\\\/3b1aa2145a21b0b240f706a51eb460e584da99e2feefd4e50b40544f2fe9f972?s=96&d=mm&r=g\",\"contentUrl\":\"https:\\\/\\\/secure.gravatar.com\\\/avatar\\\/3b1aa2145a21b0b240f706a51eb460e584da99e2feefd4e50b40544f2fe9f972?s=96&d=mm&r=g\",\"caption\":\"Margaret\"},\"url\":\"https:\\\/\\\/votingaccessforall.org\\\/es\\\/author\\\/margaret\\\/\"}]}<\/script>\n<!-- \/ Yoast SEO plugin. -->","yoast_head_json":{"title":"Los reclusos de la c\u00e1rcel del condado de Genesee emitieron su voto en ausencia para las primarias del 2 de agosto \u2013 Acceso al voto para todos","description":"Alrededor de 85 reclusos de la c\u00e1rcel del condado de Genesee votaron en ausencia el jueves. Vinieron uno por uno para emitir su voto para las elecciones primarias del martes. Tia Gaines, una reclusa de la c\u00e1rcel del condado de Genesee, se sorprendi\u00f3 al saber que todav\u00eda ten\u00eda ese derecho.","robots":{"index":"index","follow":"follow","max-snippet":"max-snippet:-1","max-image-preview":"max-image-preview:large","max-video-preview":"max-video-preview:-1"},"canonical":"https:\/\/votingaccessforall.org\/es\/2022\/07\/genesee-county-jail-inmates-cast-absentee-ballots-for-august-2-primary\/","og_locale":"es_MX","og_type":"article","og_title":"Genesee County Jail Inmates Cast Absentee Ballots for August 2 Primary &#8211; Voting Access For All","og_description":"About 85 inmates at the Genesee County Jail voted by absentee ballot Thursday.They came one by one to cast their ballot for Tuesday\u2019s primary election.Tia Gaines, an inmate at the Genesee County Jail was surprised to learn that she still had that right.","og_url":"https:\/\/votingaccessforall.org\/es\/2022\/07\/genesee-county-jail-inmates-cast-absentee-ballots-for-august-2-primary\/","og_site_name":"Voting Access For All","article_publisher":"https:\/\/www.facebook.com\/VotingAccessForAll\/","article_published_time":"2022-07-29T11:39:22+00:00","article_modified_time":"2022-07-29T11:40:10+00:00","og_image":[{"width":1092,"height":813,"url":"https:\/\/votingaccessforall.org\/wp-content\/uploads\/2022\/07\/jail-vote.jpg","type":"image\/jpeg"}],"author":"Margaret","twitter_card":"summary_large_image","twitter_misc":{"Escrito por":"Margaret","Tiempo de lectura":"2 minutos"},"schema":{"@context":"https:\/\/schema.org","@graph":[{"@type":"Article","@id":"https:\/\/votingaccessforall.org\/2022\/07\/genesee-county-jail-inmates-cast-absentee-ballots-for-august-2-primary\/#article","isPartOf":{"@id":"https:\/\/votingaccessforall.org\/2022\/07\/genesee-county-jail-inmates-cast-absentee-ballots-for-august-2-primary\/"},"author":{"name":"Margaret","@id":"https:\/\/votingaccessforall.org\/#\/schema\/person\/983cfad489dc1272208e80c46104a3e6"},"headline":"Genesee County Jail Inmates Cast Absentee Ballots for August 2 Primary","datePublished":"2022-07-29T11:39:22+00:00","dateModified":"2022-07-29T11:40:10+00:00","mainEntityOfPage":{"@id":"https:\/\/votingaccessforall.org\/2022\/07\/genesee-county-jail-inmates-cast-absentee-ballots-for-august-2-primary\/"},"wordCount":350,"commentCount":0,"publisher":{"@id":"https:\/\/votingaccessforall.org\/#organization"},"image":{"@id":"https:\/\/votingaccessforall.org\/2022\/07\/genesee-county-jail-inmates-cast-absentee-ballots-for-august-2-primary\/#primaryimage"},"thumbnailUrl":"https:\/\/votingaccessforall.org\/wp-content\/uploads\/2022\/07\/jail-vote.jpg","articleSection":["In The News","Jail Voting"],"inLanguage":"es","potentialAction":[{"@type":"CommentAction","name":"Comment","target":["https:\/\/votingaccessforall.org\/2022\/07\/genesee-county-jail-inmates-cast-absentee-ballots-for-august-2-primary\/#respond"]}]},{"@type":"WebPage","@id":"https:\/\/votingaccessforall.org\/2022\/07\/genesee-county-jail-inmates-cast-absentee-ballots-for-august-2-primary\/","url":"https:\/\/votingaccessforall.org\/2022\/07\/genesee-county-jail-inmates-cast-absentee-ballots-for-august-2-primary\/","name":"Los reclusos de la c\u00e1rcel del condado de Genesee emitieron su voto en ausencia para las primarias del 2 de agosto \u2013 Acceso al voto para todos","isPartOf":{"@id":"https:\/\/votingaccessforall.org\/#website"},"primaryImageOfPage":{"@id":"https:\/\/votingaccessforall.org\/2022\/07\/genesee-county-jail-inmates-cast-absentee-ballots-for-august-2-primary\/#primaryimage"},"image":{"@id":"https:\/\/votingaccessforall.org\/2022\/07\/genesee-county-jail-inmates-cast-absentee-ballots-for-august-2-primary\/#primaryimage"},"thumbnailUrl":"https:\/\/votingaccessforall.org\/wp-content\/uploads\/2022\/07\/jail-vote.jpg","datePublished":"2022-07-29T11:39:22+00:00","dateModified":"2022-07-29T11:40:10+00:00","description":"Alrededor de 85 reclusos de la c\u00e1rcel del condado de Genesee votaron en ausencia el jueves. Vinieron uno por uno para emitir su voto para las elecciones primarias del martes. Tia Gaines, una reclusa de la c\u00e1rcel del condado de Genesee, se sorprendi\u00f3 al saber que todav\u00eda ten\u00eda ese derecho.","breadcrumb":{"@id":"https:\/\/votingaccessforall.org\/2022\/07\/genesee-county-jail-inmates-cast-absentee-ballots-for-august-2-primary\/#breadcrumb"},"inLanguage":"es","potentialAction":[{"@type":"ReadAction","target":["https:\/\/votingaccessforall.org\/2022\/07\/genesee-county-jail-inmates-cast-absentee-ballots-for-august-2-primary\/"]}]},{"@type":"ImageObject","inLanguage":"es","@id":"https:\/\/votingaccessforall.org\/2022\/07\/genesee-county-jail-inmates-cast-absentee-ballots-for-august-2-primary\/#primaryimage","url":"https:\/\/votingaccessforall.org\/wp-content\/uploads\/2022\/07\/jail-vote.jpg","contentUrl":"https:\/\/votingaccessforall.org\/wp-content\/uploads\/2022\/07\/jail-vote.jpg","width":1092,"height":813},{"@type":"BreadcrumbList","@id":"https:\/\/votingaccessforall.org\/2022\/07\/genesee-county-jail-inmates-cast-absentee-ballots-for-august-2-primary\/#breadcrumb","itemListElement":[{"@type":"ListItem","position":1,"name":"Home","item":"https:\/\/votingaccessforall.org\/"},{"@type":"ListItem","position":2,"name":"Genesee County Jail Inmates Cast Absentee Ballots for August 2 Primary"}]},{"@type":"WebSite","@id":"https:\/\/votingaccessforall.org\/#website","url":"https:\/\/votingaccessforall.org\/","name":"Acceso a la votaci\u00f3n para todos","description":"Empoderando a TODOS los votantes de Michigan:<br \/>\u00a1Votar es su derecho!","publisher":{"@id":"https:\/\/votingaccessforall.org\/#organization"},"potentialAction":[{"@type":"SearchAction","target":{"@type":"EntryPoint","urlTemplate":"https:\/\/votingaccessforall.org\/?s={search_term_string}"},"query-input":{"@type":"PropertyValueSpecification","valueRequired":true,"valueName":"search_term_string"}}],"inLanguage":"es"},{"@type":"Organization","@id":"https:\/\/votingaccessforall.org\/#organization","name":"Coalici\u00f3n de acceso a la votaci\u00f3n para todos","url":"https:\/\/votingaccessforall.org\/","logo":{"@type":"ImageObject","inLanguage":"es","@id":"https:\/\/votingaccessforall.org\/#\/schema\/logo\/image\/","url":"https:\/\/votingaccessforall.org\/wp-content\/uploads\/2021\/05\/cropped-VAAC_logo_Small.jpg","contentUrl":"https:\/\/votingaccessforall.org\/wp-content\/uploads\/2021\/05\/cropped-VAAC_logo_Small.jpg","width":512,"height":512,"caption":"Voting Access for All Coalition"},"image":{"@id":"https:\/\/votingaccessforall.org\/#\/schema\/logo\/image\/"},"sameAs":["https:\/\/www.facebook.com\/VotingAccessForAll\/","https:\/\/www.instagram.com\/votingaccessforall\/","https:\/\/www.youtube.com\/@VotingAccessForAll","https:\/\/www.linkedin.com\/company\/voting-access-for-all-vaac\/","https:\/\/bsky.app\/profile\/votingaccessforall.bsky.social"]},{"@type":"Person","@id":"https:\/\/votingaccessforall.org\/#\/schema\/person\/983cfad489dc1272208e80c46104a3e6","name":"Margarita","image":{"@type":"ImageObject","inLanguage":"es","@id":"https:\/\/secure.gravatar.com\/avatar\/3b1aa2145a21b0b240f706a51eb460e584da99e2feefd4e50b40544f2fe9f972?s=96&d=mm&r=g","url":"https:\/\/secure.gravatar.com\/avatar\/3b1aa2145a21b0b240f706a51eb460e584da99e2feefd4e50b40544f2fe9f972?s=96&d=mm&r=g","contentUrl":"https:\/\/secure.gravatar.com\/avatar\/3b1aa2145a21b0b240f706a51eb460e584da99e2feefd4e50b40544f2fe9f972?s=96&d=mm&r=g","caption":"Margaret"},"url":"https:\/\/votingaccessforall.org\/es\/author\/margaret\/"}]}},"_links":{"self":[{"href":"https:\/\/votingaccessforall.org\/es\/wp-json\/wp\/v2\/posts\/2774","targetHints":{"allow":["GET"]}}],"collection":[{"href":"https:\/\/votingaccessforall.org\/es\/wp-json\/wp\/v2\/posts"}],"about":[{"href":"https:\/\/votingaccessforall.org\/es\/wp-json\/wp\/v2\/types\/post"}],"author":[{"embeddable":true,"href":"https:\/\/votingaccessforall.org\/es\/wp-json\/wp\/v2\/users\/4"}],"replies":[{"embeddable":true,"href":"https:\/\/votingaccessforall.org\/es\/wp-json\/wp\/v2\/comments?post=2774"}],"version-history":[{"count":3,"href":"https:\/\/votingaccessforall.org\/es\/wp-json\/wp\/v2\/posts\/2774\/revisions"}],"predecessor-version":[{"id":2778,"href":"https:\/\/votingaccessforall.org\/es\/wp-json\/wp\/v2\/posts\/2774\/revisions\/2778"}],"wp:featuredmedia":[{"embeddable":true,"href":"https:\/\/votingaccessforall.org\/es\/wp-json\/wp\/v2\/media\/2775"}],"wp:attachment":[{"href":"https:\/\/votingaccessforall.org\/es\/wp-json\/wp\/v2\/media?parent=2774"}],"wp:term":[{"taxonomy":"category","embeddable":true,"href":"https:\/\/votingaccessforall.org\/es\/wp-json\/wp\/v2\/categories?post=2774"},{"taxonomy":"post_tag","embeddable":true,"href":"https:\/\/votingaccessforall.org\/es\/wp-json\/wp\/v2\/tags?post=2774"},{"taxonomy":"progress_planner_page_types","embeddable":true,"href":"https:\/\/votingaccessforall.org\/es\/wp-json\/wp\/v2\/progress_planner_page_types?post=2774"}],"curies":[{"name":"gracias","href":"https:\/\/api.w.org\/{rel}","templated":true}]}}