{"id":235599,"date":"2026-05-01T01:09:39","date_gmt":"2026-05-01T05:09:39","guid":{"rendered":"https:\/\/votingaccessforall.org\/?p=235599"},"modified":"2026-05-01T01:09:44","modified_gmt":"2026-05-01T05:09:44","slug":"a-letter-from-our-executive-director-on-the-supreme-courts-decision-in-louisiana-v-callais-this-is-not-normal","status":"publish","type":"post","link":"https:\/\/votingaccessforall.org\/es\/2026\/05\/a-letter-from-our-executive-director-on-the-supreme-courts-decision-in-louisiana-v-callais-this-is-not-normal\/","title":{"rendered":"Carta de nuestro director ejecutivo sobre la decisi\u00f3n de la Corte Suprema en el caso Louisiana v. Callais: Esto no es normal."},"content":{"rendered":"<p><strong>Estimada comunidad,<\/strong><\/p>\n\n\n\n<p>Lo ocurrido el mi\u00e9rcoles no es una simple decisi\u00f3n judicial.<\/p>\n\n\n\n<p>Con un simple trazo de pluma, la Corte Suprema dificult\u00f3 la impugnaci\u00f3n de mapas electorales injustos. Y debemos ser honestos sobre lo que eso significa.<\/p>\n\n\n\n<p>Significa que las comunidades, especialmente las negras, pueden dividirse, diluirse y quedar excluidas de una representaci\u00f3n justa, con menos herramientas para defenderse. Significa que nuestra capacidad de elegir a nuestros representantes se debilita. Y, en demasiados casos, nuestros representantes ser\u00e1n elegidos por otros.<\/p>\n\n\n\n<p>Eso no es democracia. Eso es su erosi\u00f3n.<\/p>\n\n\n\n<p>Esta decisi\u00f3n supone un golpe directo al coraz\u00f3n de la Ley de Derecho al Voto, una de las protecciones m\u00e1s importantes que este pa\u00eds haya tenido jam\u00e1s. La Ley de Derecho al Voto no se concedi\u00f3 gratuitamente. Se luch\u00f3 por ella, se organiz\u00f3 y se conquist\u00f3 con sacrificio. Tan solo 60 a\u00f1os despu\u00e9s, vemos c\u00f3mo esas protecciones se van erosionando poco a poco.<\/p>\n\n\n\n<p>Y no hemos llegado a este momento a ciegas.<\/p>\n\n\n\n<p>Durante a\u00f1os, hemos sido testigos de la constante erosi\u00f3n de la protecci\u00f3n del derecho al voto en este pa\u00eds.<br>Pieza por pieza.<br>Decisi\u00f3n tras decisi\u00f3n.<br>Hasta que lleguemos aqu\u00ed.<\/p>\n\n\n\n<p>Y el impacto no se sentir\u00e1 de manera uniforme.<\/p>\n\n\n\n<p>Las comunidades negras ser\u00e1n las m\u00e1s afectadas.<br>Sobre las comunidades de color.<br>Sobre las comunidades que afrontan la pobreza, la inestabilidad de la vivienda y las repercusiones del sistema de justicia penal.<\/p>\n\n\n\n<p>Las mismas comunidades con las que trabajamos a diario.<\/p>\n\n\n\n<p>Esto no se trata solo de mapas.<br>Esto tiene que ver con el poder.<\/p>\n\n\n\n<p>\u00bfQui\u00e9n lo tiene? \u00bfQui\u00e9n lo moldea?.<br>\u00bfY qui\u00e9n queda luchando simplemente para ser escuchado?.<\/p>\n\n\n\n<p>Porque al mismo tiempo que se debilitan las protecciones, tambi\u00e9n estamos viendo esfuerzos por complicar el voto mediante requisitos de documentaci\u00f3n, obst\u00e1culos burocr\u00e1ticos y pol\u00edticas que generan confusi\u00f3n y miedo.<\/p>\n\n\n\n<p>De las propuestas de prueba de ciudadan\u00eda,<br>a las barreras para votar en las c\u00e1rceles,<br>a la manipulaci\u00f3n de distritos electorales en las c\u00e1rceles que cuenta a las personas en el lugar equivocado,<\/p>\n\n\n\n<p>Todo est\u00e1 conectado.<\/p>\n\n\n\n<p>Todo ello contribuye a determinar qui\u00e9nes forman parte de nuestra democracia y qui\u00e9nes no.<\/p>\n\n\n\n<p>Y las consecuencias no se limitar\u00e1n a una sola comunidad. Cuando la representaci\u00f3n se distorsiona, se extiende por estados enteros. Afecta a los recursos, a las decisiones pol\u00edticas y a qui\u00e9n se le da importancia a la opini\u00f3n p\u00fablica.<\/p>\n\n\n\n<p>As\u00ed que no, no podemos tratar esto como algo normal.<\/p>\n\n\n\n<p>Este es un momento que exige m\u00e1s.<\/p>\n\n\n\n<p>M\u00e1s organizaci\u00f3n.<br>Una educaci\u00f3n c\u00edvica m\u00e1s s\u00f3lida.<br>Un compromiso m\u00e1s profundo para llegar a las personas que han sido excluidas durante demasiado tiempo.<\/p>\n\n\n\n<p>Porque si las protecciones son m\u00e1s d\u00e9biles, nuestra organizaci\u00f3n tiene que ser m\u00e1s fuerte.<\/p>\n\n\n\n<p>La coalici\u00f3n &quot;Acceso al Voto para Todos&quot; tiene claro cu\u00e1l es su papel en este momento.<\/p>\n\n\n\n<p>Por eso nos organizamos en las c\u00e1rceles.<br>Por eso llevamos la educaci\u00f3n c\u00edvica a los albergues y a las comunidades que se enfrentan a la inestabilidad de la vivienda.<br>Por eso luchamos contra las pol\u00edticas que crean barreras en lugar de facilitar el acceso.<br>Y por eso estamos presionando para acabar con la manipulaci\u00f3n de los distritos electorales en materia de prisiones.<\/p>\n\n\n\n<p>Porque la construcci\u00f3n del poder c\u00edvico comienza con el acceso.<\/p>\n\n\n\n<p>Y el acceso no se produce por casualidad.<\/p>\n\n\n\n<p>Est\u00e1 construido.<br>O est\u00e1 bloqueado.<\/p>\n\n\n\n<p>Y ahora mismo, estamos viendo c\u00f3mo lo bloquean.<\/p>\n\n\n\n<p>Aqu\u00ed en Michigan, hemos luchado arduamente para ampliar el acceso al voto y proteger a los electores, pero este momento exige m\u00e1s. Debemos defender lo que hemos logrado y seguir avanzando, incluyendo la aprobaci\u00f3n de una Ley de Derechos Electorales de Michigan que fortalezca las protecciones y garantice que cada votante tenga la oportunidad de ser escuchado.<\/p>\n\n\n\n<p>Perm\u00edtanme aclarar lo que viene a continuaci\u00f3n.<\/p>\n\n\n\n<p>No nos estamos desvinculando.<br>No estamos esperando.<br>Y no vamos a aceptar un futuro en el que nuestras comunidades queden excluidas de la representaci\u00f3n.<\/p>\n\n\n\n<p>Nos estamos organizando.<br>Estamos educando.<br>Y estamos construyendo poder donde se nos ha negado durante demasiado tiempo.<\/p>\n\n\n\n<p>Porque entendemos algo fundamental<\/p>\n\n\n\n<p>Merecemos elegir a nuestros representantes.<br>No dejar que ellos elijan por nosotros<\/p>\n\n\n\n<p>Y seguiremos construyendo hasta que eso sea una realidad.<\/p>\n\n\n\n<p><strong>En solidaridad,<br><\/strong>\u00c1ngela Davenport<br>Director ejecutivo<br>Coalici\u00f3n de acceso a la votaci\u00f3n para todos<\/p>\n\n\n\n<figure class=\"wp-block-image aligncenter size-large is-resized\"><img loading=\"lazy\" decoding=\"async\" width=\"819\" height=\"1024\" src=\"https:\/\/votingaccessforall.org\/wp-content\/uploads\/2026\/04\/8-819x1024.jpg\" alt=\"\" class=\"wp-image-235666\" style=\"aspect-ratio:0.7998128780031409;width:466px;height:auto\" srcset=\"https:\/\/votingaccessforall.org\/wp-content\/uploads\/2026\/04\/8-819x1024.jpg 819w, https:\/\/votingaccessforall.org\/wp-content\/uploads\/2026\/04\/8-240x300.jpg 240w, https:\/\/votingaccessforall.org\/wp-content\/uploads\/2026\/04\/8-768x960.jpg 768w, https:\/\/votingaccessforall.org\/wp-content\/uploads\/2026\/04\/8-10x12.jpg 10w, https:\/\/votingaccessforall.org\/wp-content\/uploads\/2026\/04\/8.jpg 1080w\" sizes=\"auto, (max-width: 819px) 100vw, 819px\" \/><\/figure>\n\n\n\n<p><\/p>","protected":false},"excerpt":{"rendered":"<p>Un mensaje de Angela Davenport, nuestra Directora Ejecutiva, sobre la decisi\u00f3n de la Corte Suprema en el caso Louisiana v. Callais y lo que este momento significa para nuestras comunidades y nuestro voto.<\/p>","protected":false},"author":6,"featured_media":235665,"comment_status":"open","ping_status":"open","sticky":false,"template":"","format":"standard","meta":{"_gspb_post_css":"","progress_planner_page_todos":"","activitypub_content_warning":"","activitypub_content_visibility":"","activitypub_max_image_attachments":3,"activitypub_interaction_policy_quote":"anyone","activitypub_status":"federated","footnotes":""},"categories":[6,865,864,649],"tags":[],"progress_planner_page_types":[],"class_list":["post-235599","post","type-post","status-publish","format-standard","has-post-thumbnail","hentry","category-in-the-news","category-letter-from-our-executive-director","category-supreme-court","category-voting-rights"],"yoast_head":"<!-- This site is optimized with the Yoast SEO plugin v27.5 - https:\/\/yoast.com\/product\/yoast-seo-wordpress\/ -->\n<title>A Letter from Our Executive Director on the Supreme Court\u2019s Decision in Louisiana v. Callais: This Is Not Normal &#8211; Voting Access For All<\/title>\n<meta name=\"robots\" content=\"index, follow, max-snippet:-1, max-image-preview:large, max-video-preview:-1\" \/>\n<link rel=\"canonical\" href=\"https:\/\/votingaccessforall.org\/es\/2026\/05\/a-letter-from-our-executive-director-on-the-supreme-courts-decision-in-louisiana-v-callais-this-is-not-normal\/\" \/>\n<meta property=\"og:locale\" content=\"es_MX\" \/>\n<meta property=\"og:type\" content=\"article\" \/>\n<meta property=\"og:title\" content=\"A Letter from Our Executive Director on the Supreme Court\u2019s Decision in Louisiana v. Callais: This Is Not Normal &#8211; Voting Access For All\" \/>\n<meta property=\"og:description\" content=\"A message from Angela Davenport, our Executive Director on the Supreme Court\u2019s decision in Louisiana v. Callais and what this moment means for our communities and our vote.\" \/>\n<meta property=\"og:url\" content=\"https:\/\/votingaccessforall.org\/es\/2026\/05\/a-letter-from-our-executive-director-on-the-supreme-courts-decision-in-louisiana-v-callais-this-is-not-normal\/\" \/>\n<meta property=\"og:site_name\" content=\"Voting Access For All\" \/>\n<meta property=\"article:publisher\" content=\"https:\/\/www.facebook.com\/VotingAccessForAll\/\" \/>\n<meta property=\"article:published_time\" content=\"2026-05-01T05:09:39+00:00\" \/>\n<meta property=\"article:modified_time\" content=\"2026-05-01T05:09:44+00:00\" \/>\n<meta property=\"og:image\" content=\"https:\/\/votingaccessforall.org\/wp-content\/uploads\/2026\/04\/lettered.jpg\" \/>\n\t<meta property=\"og:image:width\" content=\"1920\" \/>\n\t<meta property=\"og:image:height\" content=\"1080\" \/>\n\t<meta property=\"og:image:type\" content=\"image\/jpeg\" \/>\n<meta name=\"author\" content=\"Robyn Reiter\" \/>\n<meta name=\"twitter:card\" content=\"summary_large_image\" \/>\n<meta name=\"twitter:label1\" content=\"Escrito por\" \/>\n\t<meta name=\"twitter:data1\" content=\"Robyn Reiter\" \/>\n\t<meta name=\"twitter:label2\" content=\"Tiempo de lectura\" \/>\n\t<meta name=\"twitter:data2\" content=\"4 minutos\" \/>\n<script type=\"application\/ld+json\" class=\"yoast-schema-graph\">{\"@context\":\"https:\\\/\\\/schema.org\",\"@graph\":[{\"@type\":\"Article\",\"@id\":\"https:\\\/\\\/votingaccessforall.org\\\/2026\\\/05\\\/a-letter-from-our-executive-director-on-the-supreme-courts-decision-in-louisiana-v-callais-this-is-not-normal\\\/#article\",\"isPartOf\":{\"@id\":\"https:\\\/\\\/votingaccessforall.org\\\/2026\\\/05\\\/a-letter-from-our-executive-director-on-the-supreme-courts-decision-in-louisiana-v-callais-this-is-not-normal\\\/\"},\"author\":{\"name\":\"Robyn Reiter\",\"@id\":\"https:\\\/\\\/votingaccessforall.org\\\/#\\\/schema\\\/person\\\/93c70cc9b87c21f2542dc067f6c2f00a\"},\"headline\":\"A Letter from Our Executive Director on the Supreme Court\u2019s Decision in Louisiana v. Callais: This Is Not Normal\",\"datePublished\":\"2026-05-01T05:09:39+00:00\",\"dateModified\":\"2026-05-01T05:09:44+00:00\",\"mainEntityOfPage\":{\"@id\":\"https:\\\/\\\/votingaccessforall.org\\\/2026\\\/05\\\/a-letter-from-our-executive-director-on-the-supreme-courts-decision-in-louisiana-v-callais-this-is-not-normal\\\/\"},\"wordCount\":641,\"commentCount\":0,\"publisher\":{\"@id\":\"https:\\\/\\\/votingaccessforall.org\\\/#organization\"},\"image\":{\"@id\":\"https:\\\/\\\/votingaccessforall.org\\\/2026\\\/05\\\/a-letter-from-our-executive-director-on-the-supreme-courts-decision-in-louisiana-v-callais-this-is-not-normal\\\/#primaryimage\"},\"thumbnailUrl\":\"https:\\\/\\\/votingaccessforall.org\\\/wp-content\\\/uploads\\\/2026\\\/04\\\/lettered.jpg\",\"articleSection\":[\"In The News\",\"Letter from Our Executive Director\",\"Supreme Court\",\"Voting Rights\"],\"inLanguage\":\"es\",\"potentialAction\":[{\"@type\":\"CommentAction\",\"name\":\"Comment\",\"target\":[\"https:\\\/\\\/votingaccessforall.org\\\/2026\\\/05\\\/a-letter-from-our-executive-director-on-the-supreme-courts-decision-in-louisiana-v-callais-this-is-not-normal\\\/#respond\"]}]},{\"@type\":\"WebPage\",\"@id\":\"https:\\\/\\\/votingaccessforall.org\\\/2026\\\/05\\\/a-letter-from-our-executive-director-on-the-supreme-courts-decision-in-louisiana-v-callais-this-is-not-normal\\\/\",\"url\":\"https:\\\/\\\/votingaccessforall.org\\\/2026\\\/05\\\/a-letter-from-our-executive-director-on-the-supreme-courts-decision-in-louisiana-v-callais-this-is-not-normal\\\/\",\"name\":\"A Letter from Our Executive Director on the Supreme Court\u2019s Decision in Louisiana v. Callais: This Is Not Normal &#8211; Voting Access For All\",\"isPartOf\":{\"@id\":\"https:\\\/\\\/votingaccessforall.org\\\/#website\"},\"primaryImageOfPage\":{\"@id\":\"https:\\\/\\\/votingaccessforall.org\\\/2026\\\/05\\\/a-letter-from-our-executive-director-on-the-supreme-courts-decision-in-louisiana-v-callais-this-is-not-normal\\\/#primaryimage\"},\"image\":{\"@id\":\"https:\\\/\\\/votingaccessforall.org\\\/2026\\\/05\\\/a-letter-from-our-executive-director-on-the-supreme-courts-decision-in-louisiana-v-callais-this-is-not-normal\\\/#primaryimage\"},\"thumbnailUrl\":\"https:\\\/\\\/votingaccessforall.org\\\/wp-content\\\/uploads\\\/2026\\\/04\\\/lettered.jpg\",\"datePublished\":\"2026-05-01T05:09:39+00:00\",\"dateModified\":\"2026-05-01T05:09:44+00:00\",\"breadcrumb\":{\"@id\":\"https:\\\/\\\/votingaccessforall.org\\\/2026\\\/05\\\/a-letter-from-our-executive-director-on-the-supreme-courts-decision-in-louisiana-v-callais-this-is-not-normal\\\/#breadcrumb\"},\"inLanguage\":\"es\",\"potentialAction\":[{\"@type\":\"ReadAction\",\"target\":[\"https:\\\/\\\/votingaccessforall.org\\\/2026\\\/05\\\/a-letter-from-our-executive-director-on-the-supreme-courts-decision-in-louisiana-v-callais-this-is-not-normal\\\/\"]}]},{\"@type\":\"ImageObject\",\"inLanguage\":\"es\",\"@id\":\"https:\\\/\\\/votingaccessforall.org\\\/2026\\\/05\\\/a-letter-from-our-executive-director-on-the-supreme-courts-decision-in-louisiana-v-callais-this-is-not-normal\\\/#primaryimage\",\"url\":\"https:\\\/\\\/votingaccessforall.org\\\/wp-content\\\/uploads\\\/2026\\\/04\\\/lettered.jpg\",\"contentUrl\":\"https:\\\/\\\/votingaccessforall.org\\\/wp-content\\\/uploads\\\/2026\\\/04\\\/lettered.jpg\",\"width\":1920,\"height\":1080},{\"@type\":\"BreadcrumbList\",\"@id\":\"https:\\\/\\\/votingaccessforall.org\\\/2026\\\/05\\\/a-letter-from-our-executive-director-on-the-supreme-courts-decision-in-louisiana-v-callais-this-is-not-normal\\\/#breadcrumb\",\"itemListElement\":[{\"@type\":\"ListItem\",\"position\":1,\"name\":\"Home\",\"item\":\"https:\\\/\\\/votingaccessforall.org\\\/\"},{\"@type\":\"ListItem\",\"position\":2,\"name\":\"A Letter from Our Executive Director on the Supreme Court\u2019s Decision in Louisiana v. Callais: This Is Not Normal\"}]},{\"@type\":\"WebSite\",\"@id\":\"https:\\\/\\\/votingaccessforall.org\\\/#website\",\"url\":\"https:\\\/\\\/votingaccessforall.org\\\/\",\"name\":\"Voting Access For All\",\"description\":\"Empowering ALL Michigan Voters: Voting Is Your Right!\",\"publisher\":{\"@id\":\"https:\\\/\\\/votingaccessforall.org\\\/#organization\"},\"potentialAction\":[{\"@type\":\"SearchAction\",\"target\":{\"@type\":\"EntryPoint\",\"urlTemplate\":\"https:\\\/\\\/votingaccessforall.org\\\/?s={search_term_string}\"},\"query-input\":{\"@type\":\"PropertyValueSpecification\",\"valueRequired\":true,\"valueName\":\"search_term_string\"}}],\"inLanguage\":\"es\"},{\"@type\":\"Organization\",\"@id\":\"https:\\\/\\\/votingaccessforall.org\\\/#organization\",\"name\":\"Voting Access for All Coalition\",\"url\":\"https:\\\/\\\/votingaccessforall.org\\\/\",\"logo\":{\"@type\":\"ImageObject\",\"inLanguage\":\"es\",\"@id\":\"https:\\\/\\\/votingaccessforall.org\\\/#\\\/schema\\\/logo\\\/image\\\/\",\"url\":\"https:\\\/\\\/votingaccessforall.org\\\/wp-content\\\/uploads\\\/2021\\\/05\\\/cropped-VAAC_logo_Small.jpg\",\"contentUrl\":\"https:\\\/\\\/votingaccessforall.org\\\/wp-content\\\/uploads\\\/2021\\\/05\\\/cropped-VAAC_logo_Small.jpg\",\"width\":512,\"height\":512,\"caption\":\"Voting Access for All Coalition\"},\"image\":{\"@id\":\"https:\\\/\\\/votingaccessforall.org\\\/#\\\/schema\\\/logo\\\/image\\\/\"},\"sameAs\":[\"https:\\\/\\\/www.facebook.com\\\/VotingAccessForAll\\\/\",\"https:\\\/\\\/www.instagram.com\\\/votingaccessforall\\\/\",\"https:\\\/\\\/www.youtube.com\\\/@VotingAccessForAll\",\"https:\\\/\\\/www.linkedin.com\\\/company\\\/voting-access-for-all-vaac\\\/\",\"https:\\\/\\\/bsky.app\\\/profile\\\/votingaccessforall.bsky.social\"]},{\"@type\":\"Person\",\"@id\":\"https:\\\/\\\/votingaccessforall.org\\\/#\\\/schema\\\/person\\\/93c70cc9b87c21f2542dc067f6c2f00a\",\"name\":\"Robyn Reiter\",\"image\":{\"@type\":\"ImageObject\",\"inLanguage\":\"es\",\"@id\":\"https:\\\/\\\/secure.gravatar.com\\\/avatar\\\/5a424b1e4acc92b4083c77fa180b075e90a9da511785e4e22611854abfd9a623?s=96&d=mm&r=g\",\"url\":\"https:\\\/\\\/secure.gravatar.com\\\/avatar\\\/5a424b1e4acc92b4083c77fa180b075e90a9da511785e4e22611854abfd9a623?s=96&d=mm&r=g\",\"contentUrl\":\"https:\\\/\\\/secure.gravatar.com\\\/avatar\\\/5a424b1e4acc92b4083c77fa180b075e90a9da511785e4e22611854abfd9a623?s=96&d=mm&r=g\",\"caption\":\"Robyn Reiter\"},\"url\":\"https:\\\/\\\/votingaccessforall.org\\\/es\\\/author\\\/robyn\\\/\"}]}<\/script>\n<!-- \/ Yoast SEO plugin. -->","yoast_head_json":{"title":"A Letter from Our Executive Director on the Supreme Court\u2019s Decision in Louisiana v. Callais: This Is Not Normal &#8211; Voting Access For All","robots":{"index":"index","follow":"follow","max-snippet":"max-snippet:-1","max-image-preview":"max-image-preview:large","max-video-preview":"max-video-preview:-1"},"canonical":"https:\/\/votingaccessforall.org\/es\/2026\/05\/a-letter-from-our-executive-director-on-the-supreme-courts-decision-in-louisiana-v-callais-this-is-not-normal\/","og_locale":"es_MX","og_type":"article","og_title":"A Letter from Our Executive Director on the Supreme Court\u2019s Decision in Louisiana v. Callais: This Is Not Normal &#8211; Voting Access For All","og_description":"A message from Angela Davenport, our Executive Director on the Supreme Court\u2019s decision in Louisiana v. Callais and what this moment means for our communities and our vote.","og_url":"https:\/\/votingaccessforall.org\/es\/2026\/05\/a-letter-from-our-executive-director-on-the-supreme-courts-decision-in-louisiana-v-callais-this-is-not-normal\/","og_site_name":"Voting Access For All","article_publisher":"https:\/\/www.facebook.com\/VotingAccessForAll\/","article_published_time":"2026-05-01T05:09:39+00:00","article_modified_time":"2026-05-01T05:09:44+00:00","og_image":[{"width":1920,"height":1080,"url":"https:\/\/votingaccessforall.org\/wp-content\/uploads\/2026\/04\/lettered.jpg","type":"image\/jpeg"}],"author":"Robyn Reiter","twitter_card":"summary_large_image","twitter_misc":{"Escrito por":"Robyn Reiter","Tiempo de lectura":"4 minutos"},"schema":{"@context":"https:\/\/schema.org","@graph":[{"@type":"Article","@id":"https:\/\/votingaccessforall.org\/2026\/05\/a-letter-from-our-executive-director-on-the-supreme-courts-decision-in-louisiana-v-callais-this-is-not-normal\/#article","isPartOf":{"@id":"https:\/\/votingaccessforall.org\/2026\/05\/a-letter-from-our-executive-director-on-the-supreme-courts-decision-in-louisiana-v-callais-this-is-not-normal\/"},"author":{"name":"Robyn Reiter","@id":"https:\/\/votingaccessforall.org\/#\/schema\/person\/93c70cc9b87c21f2542dc067f6c2f00a"},"headline":"A Letter from Our Executive Director on the Supreme Court\u2019s Decision in Louisiana v. Callais: This Is Not Normal","datePublished":"2026-05-01T05:09:39+00:00","dateModified":"2026-05-01T05:09:44+00:00","mainEntityOfPage":{"@id":"https:\/\/votingaccessforall.org\/2026\/05\/a-letter-from-our-executive-director-on-the-supreme-courts-decision-in-louisiana-v-callais-this-is-not-normal\/"},"wordCount":641,"commentCount":0,"publisher":{"@id":"https:\/\/votingaccessforall.org\/#organization"},"image":{"@id":"https:\/\/votingaccessforall.org\/2026\/05\/a-letter-from-our-executive-director-on-the-supreme-courts-decision-in-louisiana-v-callais-this-is-not-normal\/#primaryimage"},"thumbnailUrl":"https:\/\/votingaccessforall.org\/wp-content\/uploads\/2026\/04\/lettered.jpg","articleSection":["In The News","Letter from Our Executive Director","Supreme Court","Voting Rights"],"inLanguage":"es","potentialAction":[{"@type":"CommentAction","name":"Comment","target":["https:\/\/votingaccessforall.org\/2026\/05\/a-letter-from-our-executive-director-on-the-supreme-courts-decision-in-louisiana-v-callais-this-is-not-normal\/#respond"]}]},{"@type":"WebPage","@id":"https:\/\/votingaccessforall.org\/2026\/05\/a-letter-from-our-executive-director-on-the-supreme-courts-decision-in-louisiana-v-callais-this-is-not-normal\/","url":"https:\/\/votingaccessforall.org\/2026\/05\/a-letter-from-our-executive-director-on-the-supreme-courts-decision-in-louisiana-v-callais-this-is-not-normal\/","name":"A Letter from Our Executive Director on the Supreme Court\u2019s Decision in Louisiana v. Callais: This Is Not Normal &#8211; Voting Access For All","isPartOf":{"@id":"https:\/\/votingaccessforall.org\/#website"},"primaryImageOfPage":{"@id":"https:\/\/votingaccessforall.org\/2026\/05\/a-letter-from-our-executive-director-on-the-supreme-courts-decision-in-louisiana-v-callais-this-is-not-normal\/#primaryimage"},"image":{"@id":"https:\/\/votingaccessforall.org\/2026\/05\/a-letter-from-our-executive-director-on-the-supreme-courts-decision-in-louisiana-v-callais-this-is-not-normal\/#primaryimage"},"thumbnailUrl":"https:\/\/votingaccessforall.org\/wp-content\/uploads\/2026\/04\/lettered.jpg","datePublished":"2026-05-01T05:09:39+00:00","dateModified":"2026-05-01T05:09:44+00:00","breadcrumb":{"@id":"https:\/\/votingaccessforall.org\/2026\/05\/a-letter-from-our-executive-director-on-the-supreme-courts-decision-in-louisiana-v-callais-this-is-not-normal\/#breadcrumb"},"inLanguage":"es","potentialAction":[{"@type":"ReadAction","target":["https:\/\/votingaccessforall.org\/2026\/05\/a-letter-from-our-executive-director-on-the-supreme-courts-decision-in-louisiana-v-callais-this-is-not-normal\/"]}]},{"@type":"ImageObject","inLanguage":"es","@id":"https:\/\/votingaccessforall.org\/2026\/05\/a-letter-from-our-executive-director-on-the-supreme-courts-decision-in-louisiana-v-callais-this-is-not-normal\/#primaryimage","url":"https:\/\/votingaccessforall.org\/wp-content\/uploads\/2026\/04\/lettered.jpg","contentUrl":"https:\/\/votingaccessforall.org\/wp-content\/uploads\/2026\/04\/lettered.jpg","width":1920,"height":1080},{"@type":"BreadcrumbList","@id":"https:\/\/votingaccessforall.org\/2026\/05\/a-letter-from-our-executive-director-on-the-supreme-courts-decision-in-louisiana-v-callais-this-is-not-normal\/#breadcrumb","itemListElement":[{"@type":"ListItem","position":1,"name":"Home","item":"https:\/\/votingaccessforall.org\/"},{"@type":"ListItem","position":2,"name":"A Letter from Our Executive Director on the Supreme Court\u2019s Decision in Louisiana v. Callais: This Is Not Normal"}]},{"@type":"WebSite","@id":"https:\/\/votingaccessforall.org\/#website","url":"https:\/\/votingaccessforall.org\/","name":"Acceso a la votaci\u00f3n para todos","description":"Empoderando a TODOS los votantes de Michigan:<br \/>\u00a1Votar es su derecho!","publisher":{"@id":"https:\/\/votingaccessforall.org\/#organization"},"potentialAction":[{"@type":"SearchAction","target":{"@type":"EntryPoint","urlTemplate":"https:\/\/votingaccessforall.org\/?s={search_term_string}"},"query-input":{"@type":"PropertyValueSpecification","valueRequired":true,"valueName":"search_term_string"}}],"inLanguage":"es"},{"@type":"Organization","@id":"https:\/\/votingaccessforall.org\/#organization","name":"Coalici\u00f3n de acceso a la votaci\u00f3n para todos","url":"https:\/\/votingaccessforall.org\/","logo":{"@type":"ImageObject","inLanguage":"es","@id":"https:\/\/votingaccessforall.org\/#\/schema\/logo\/image\/","url":"https:\/\/votingaccessforall.org\/wp-content\/uploads\/2021\/05\/cropped-VAAC_logo_Small.jpg","contentUrl":"https:\/\/votingaccessforall.org\/wp-content\/uploads\/2021\/05\/cropped-VAAC_logo_Small.jpg","width":512,"height":512,"caption":"Voting Access for All Coalition"},"image":{"@id":"https:\/\/votingaccessforall.org\/#\/schema\/logo\/image\/"},"sameAs":["https:\/\/www.facebook.com\/VotingAccessForAll\/","https:\/\/www.instagram.com\/votingaccessforall\/","https:\/\/www.youtube.com\/@VotingAccessForAll","https:\/\/www.linkedin.com\/company\/voting-access-for-all-vaac\/","https:\/\/bsky.app\/profile\/votingaccessforall.bsky.social"]},{"@type":"Person","@id":"https:\/\/votingaccessforall.org\/#\/schema\/person\/93c70cc9b87c21f2542dc067f6c2f00a","name":"Robyn Reiter","image":{"@type":"ImageObject","inLanguage":"es","@id":"https:\/\/secure.gravatar.com\/avatar\/5a424b1e4acc92b4083c77fa180b075e90a9da511785e4e22611854abfd9a623?s=96&d=mm&r=g","url":"https:\/\/secure.gravatar.com\/avatar\/5a424b1e4acc92b4083c77fa180b075e90a9da511785e4e22611854abfd9a623?s=96&d=mm&r=g","contentUrl":"https:\/\/secure.gravatar.com\/avatar\/5a424b1e4acc92b4083c77fa180b075e90a9da511785e4e22611854abfd9a623?s=96&d=mm&r=g","caption":"Robyn Reiter"},"url":"https:\/\/votingaccessforall.org\/es\/author\/robyn\/"}]}},"_links":{"self":[{"href":"https:\/\/votingaccessforall.org\/es\/wp-json\/wp\/v2\/posts\/235599","targetHints":{"allow":["GET"]}}],"collection":[{"href":"https:\/\/votingaccessforall.org\/es\/wp-json\/wp\/v2\/posts"}],"about":[{"href":"https:\/\/votingaccessforall.org\/es\/wp-json\/wp\/v2\/types\/post"}],"author":[{"embeddable":true,"href":"https:\/\/votingaccessforall.org\/es\/wp-json\/wp\/v2\/users\/6"}],"replies":[{"embeddable":true,"href":"https:\/\/votingaccessforall.org\/es\/wp-json\/wp\/v2\/comments?post=235599"}],"version-history":[{"count":2,"href":"https:\/\/votingaccessforall.org\/es\/wp-json\/wp\/v2\/posts\/235599\/revisions"}],"predecessor-version":[{"id":235667,"href":"https:\/\/votingaccessforall.org\/es\/wp-json\/wp\/v2\/posts\/235599\/revisions\/235667"}],"wp:featuredmedia":[{"embeddable":true,"href":"https:\/\/votingaccessforall.org\/es\/wp-json\/wp\/v2\/media\/235665"}],"wp:attachment":[{"href":"https:\/\/votingaccessforall.org\/es\/wp-json\/wp\/v2\/media?parent=235599"}],"wp:term":[{"taxonomy":"category","embeddable":true,"href":"https:\/\/votingaccessforall.org\/es\/wp-json\/wp\/v2\/categories?post=235599"},{"taxonomy":"post_tag","embeddable":true,"href":"https:\/\/votingaccessforall.org\/es\/wp-json\/wp\/v2\/tags?post=235599"},{"taxonomy":"progress_planner_page_types","embeddable":true,"href":"https:\/\/votingaccessforall.org\/es\/wp-json\/wp\/v2\/progress_planner_page_types?post=235599"}],"curies":[{"name":"gracias","href":"https:\/\/api.w.org\/{rel}","templated":true}]}}