{"id":235515,"date":"2026-05-01T01:01:41","date_gmt":"2026-05-01T05:01:41","guid":{"rendered":"https:\/\/votingaccessforall.org\/?p=235515"},"modified":"2026-05-01T01:01:45","modified_gmt":"2026-05-01T05:01:45","slug":"vaac-friday-community-meetings-on-may-8th-22nd","status":"publish","type":"post","link":"https:\/\/votingaccessforall.org\/es\/2026\/05\/vaac-friday-community-meetings-on-may-8th-22nd\/","title":{"rendered":"Reuniones comunitarias de VAAC los viernes 8 y 22 de mayo."},"content":{"rendered":"<p>Las reuniones comunitarias de los viernes de VAAC son un espacio semanal para la conexi\u00f3n, las actualizaciones y el aprendizaje compartido.<\/p>\n\n\n\n<p>Votar es un derecho, pero para muchas personas, el acceso a \u00e9l sigue estando fuera de su alcance.<\/p>\n\n\n\n<hr class=\"wp-block-separator has-alpha-channel-opacity\"\/>\n\n\n\n<h3 class=\"wp-block-heading\" id=\"may-8-jail-voting-rights-barriers-and-access\"><strong><a href=\"http:\/\/us06web.zoom.us\/j\/85166367346\" target=\"_blank\" rel=\"noreferrer noopener\">8 de mayo | Derechos de voto en prisi\u00f3n, barreras y acceso<\/a><\/strong><\/h3>\n\n\n\n<p>\u00danase a VAAC el 8 de mayo a las 12:30 p. m. para una conversaci\u00f3n sobre el voto en las c\u00e1rceles, qu\u00e9 es, a qui\u00e9n afecta y por qu\u00e9 el acceso al voto en las c\u00e1rceles de Michigan sigue siendo un desaf\u00edo.<\/p>\n\n\n\n<p>En Michigan, muchas personas encarceladas tienen derecho legal a votar. Pero en la mayor\u00eda de los casos, solo tienen una forma de hacerlo: por correo.<\/p>\n\n\n\n<p>Analizaremos las barreras a las que se enfrentan las personas, incluyendo c\u00f3mo funciona el voto por correo en las c\u00e1rceles, donde los plazos, la gesti\u00f3n del correo y la coordinaci\u00f3n pueden determinar si alguien puede emitir su voto.<\/p>\n\n\n\n<p>Tambi\u00e9n hablaremos de lo que hay que cambiar y de c\u00f3mo puedes ayudar a eliminar las barreras que impiden que los votantes elegibles participen.<\/p>\n\n\n\n<p>\ud83d\uddd3\ufe0f 8 de mayo \ud83d\udd52 12:30 \u2013 1:30 p. m. EST<br>\ud83d\udcbb Virtual (Zoom) \u27a1\ufe0f \u00danete: <a href=\"http:\/\/us06web.zoom.us\/j\/85166367346\" target=\"_blank\" rel=\"noreferrer noopener\">bit.ly\/VAACFridays<\/a><\/p>\n\n\n\n<hr class=\"wp-block-separator has-alpha-channel-opacity\"\/>\n\n\n\n<h3 class=\"wp-block-heading\" id=\"may-22-mental-health-awareness-month-conversation\"><strong><a href=\"http:\/\/us06web.zoom.us\/j\/85166367346\" target=\"_blank\" rel=\"noreferrer noopener\">22 de mayo | Conversaci\u00f3n sobre el Mes de la Concientizaci\u00f3n sobre la Salud Mental<\/a><\/strong><\/h3>\n\n\n\n<p>\u00danase a VAAC el 22 de mayo a las 12:30 p. m. para la segunda reuni\u00f3n de los viernes de mayo, que contar\u00e1 con un invitado especial. <a href=\"https:\/\/www.hakimcrampton.com\/\" target=\"_blank\" rel=\"noreferrer noopener\">Hakim Crampton<\/a>.<\/p>\n\n\n\n<p>Hakim Crampton es educador l\u00edrico, experto en hip hop, defensor de la justicia, autor, consultor, terapeuta centrado en la sanaci\u00f3n, enlace de relaciones gubernamentales en Citizens for Prison Reform y fundador de The Academic Mentoring &amp; Education Network.<\/p>\n\n\n\n<p>En reconocimiento de <a href=\"https:\/\/www.nami.org\/stay-connected\/events\/awareness-events\/mental-health-awareness-month\/\" target=\"_blank\" rel=\"noreferrer noopener\">Mes de la Concientizaci\u00f3n sobre la Salud Mental<\/a>, Esta conversaci\u00f3n se centrar\u00e1 en la conexi\u00f3n entre la salud mental, las pol\u00edticas y el acceso a los servicios, incluyendo un an\u00e1lisis de la legislaci\u00f3n que afecta a las comunidades de todo Michigan.<\/p>\n\n\n\n<hr class=\"wp-block-separator has-alpha-channel-opacity\"\/>\n\n\n\n<p>\ud83d\uddd3\ufe0f 22 de mayo \ud83d\udd52 12:30 \u2013 1:30 p. m. EST<br>\ud83d\udcbb Virtual (Zoom) \u27a1\ufe0f \u00danete: <a href=\"http:\/\/us06web.zoom.us\/j\/85166367346\" target=\"_blank\" rel=\"noreferrer noopener\">bit.ly\/VAACFridays<\/a><\/p>\n\n\n\n<hr class=\"wp-block-separator has-alpha-channel-opacity\"\/>\n\n\n\n<p><\/p>","protected":false},"excerpt":{"rendered":"<p>Las reuniones comunitarias de VAAC de los viernes contin\u00faan en mayo con dos sesiones: una conversaci\u00f3n el 8 de mayo sobre el acceso al voto en las c\u00e1rceles y las barreras que lo dificultan, y un debate el 22 de mayo con Hakim Crampton con motivo del Mes de la Concientizaci\u00f3n sobre la Salud Mental.<\/p>","protected":false},"author":6,"featured_media":235650,"comment_status":"open","ping_status":"open","sticky":true,"template":"","format":"standard","meta":{"_gspb_post_css":"","progress_planner_page_todos":"","activitypub_content_warning":"","activitypub_content_visibility":"","activitypub_max_image_attachments":3,"activitypub_interaction_policy_quote":"anyone","activitypub_status":"federated","footnotes":""},"categories":[41,863,649],"tags":[],"progress_planner_page_types":[],"class_list":["post-235515","post","type-post","status-publish","format-standard","has-post-thumbnail","hentry","category-events","category-mental-health-awareness-month","category-voting-rights"],"yoast_head":"<!-- This site is optimized with the Yoast SEO plugin v27.5 - https:\/\/yoast.com\/product\/yoast-seo-wordpress\/ -->\n<title>VAAC Friday Community Meetings on May 8th &amp; 22nd &#8211; Voting Access For All<\/title>\n<meta name=\"robots\" content=\"index, follow, max-snippet:-1, max-image-preview:large, max-video-preview:-1\" \/>\n<link rel=\"canonical\" href=\"https:\/\/votingaccessforall.org\/es\/2026\/05\/vaac-friday-community-meetings-on-may-8th-22nd\/\" \/>\n<meta property=\"og:locale\" content=\"es_MX\" \/>\n<meta property=\"og:type\" content=\"article\" \/>\n<meta property=\"og:title\" content=\"VAAC Friday Community Meetings on May 8th &amp; 22nd &#8211; Voting Access For All\" \/>\n<meta property=\"og:description\" content=\"VAAC Friday Community Meetings continue in May with two sessions: a May 8 conversation on jail voting access and barriers, and a May 22 discussion with Hakim Crampton for Mental Health Awareness Month.\" \/>\n<meta property=\"og:url\" content=\"https:\/\/votingaccessforall.org\/es\/2026\/05\/vaac-friday-community-meetings-on-may-8th-22nd\/\" \/>\n<meta property=\"og:site_name\" content=\"Voting Access For All\" \/>\n<meta property=\"article:publisher\" content=\"https:\/\/www.facebook.com\/VotingAccessForAll\/\" \/>\n<meta property=\"article:published_time\" content=\"2026-05-01T05:01:41+00:00\" \/>\n<meta property=\"article:modified_time\" content=\"2026-05-01T05:01:45+00:00\" \/>\n<meta property=\"og:image\" content=\"https:\/\/votingaccessforall.org\/wp-content\/uploads\/2026\/05\/may822fri.jpg\" \/>\n\t<meta property=\"og:image:width\" content=\"1920\" \/>\n\t<meta property=\"og:image:height\" content=\"1080\" \/>\n\t<meta property=\"og:image:type\" content=\"image\/jpeg\" \/>\n<meta name=\"author\" content=\"Robyn Reiter\" \/>\n<meta name=\"twitter:card\" content=\"summary_large_image\" \/>\n<meta name=\"twitter:label1\" content=\"Escrito por\" \/>\n\t<meta name=\"twitter:data1\" content=\"Robyn Reiter\" \/>\n\t<meta name=\"twitter:label2\" content=\"Tiempo de lectura\" \/>\n\t<meta name=\"twitter:data2\" content=\"2 minutos\" \/>\n<script type=\"application\/ld+json\" class=\"yoast-schema-graph\">{\"@context\":\"https:\\\/\\\/schema.org\",\"@graph\":[{\"@type\":\"Article\",\"@id\":\"https:\\\/\\\/votingaccessforall.org\\\/2026\\\/05\\\/vaac-friday-community-meetings-on-may-8th-22nd\\\/#article\",\"isPartOf\":{\"@id\":\"https:\\\/\\\/votingaccessforall.org\\\/2026\\\/05\\\/vaac-friday-community-meetings-on-may-8th-22nd\\\/\"},\"author\":{\"name\":\"Robyn Reiter\",\"@id\":\"https:\\\/\\\/votingaccessforall.org\\\/#\\\/schema\\\/person\\\/93c70cc9b87c21f2542dc067f6c2f00a\"},\"headline\":\"VAAC Friday Community Meetings on May 8th &amp; 22nd\",\"datePublished\":\"2026-05-01T05:01:41+00:00\",\"dateModified\":\"2026-05-01T05:01:45+00:00\",\"mainEntityOfPage\":{\"@id\":\"https:\\\/\\\/votingaccessforall.org\\\/2026\\\/05\\\/vaac-friday-community-meetings-on-may-8th-22nd\\\/\"},\"wordCount\":254,\"commentCount\":0,\"publisher\":{\"@id\":\"https:\\\/\\\/votingaccessforall.org\\\/#organization\"},\"image\":{\"@id\":\"https:\\\/\\\/votingaccessforall.org\\\/2026\\\/05\\\/vaac-friday-community-meetings-on-may-8th-22nd\\\/#primaryimage\"},\"thumbnailUrl\":\"https:\\\/\\\/votingaccessforall.org\\\/wp-content\\\/uploads\\\/2026\\\/05\\\/may822fri.jpg\",\"articleSection\":[\"Events\",\"Mental Health Awareness Month\",\"Voting Rights\"],\"inLanguage\":\"es\",\"potentialAction\":[{\"@type\":\"CommentAction\",\"name\":\"Comment\",\"target\":[\"https:\\\/\\\/votingaccessforall.org\\\/2026\\\/05\\\/vaac-friday-community-meetings-on-may-8th-22nd\\\/#respond\"]}]},{\"@type\":\"WebPage\",\"@id\":\"https:\\\/\\\/votingaccessforall.org\\\/2026\\\/05\\\/vaac-friday-community-meetings-on-may-8th-22nd\\\/\",\"url\":\"https:\\\/\\\/votingaccessforall.org\\\/2026\\\/05\\\/vaac-friday-community-meetings-on-may-8th-22nd\\\/\",\"name\":\"VAAC Friday Community Meetings on May 8th &amp; 22nd &#8211; Voting Access For All\",\"isPartOf\":{\"@id\":\"https:\\\/\\\/votingaccessforall.org\\\/#website\"},\"primaryImageOfPage\":{\"@id\":\"https:\\\/\\\/votingaccessforall.org\\\/2026\\\/05\\\/vaac-friday-community-meetings-on-may-8th-22nd\\\/#primaryimage\"},\"image\":{\"@id\":\"https:\\\/\\\/votingaccessforall.org\\\/2026\\\/05\\\/vaac-friday-community-meetings-on-may-8th-22nd\\\/#primaryimage\"},\"thumbnailUrl\":\"https:\\\/\\\/votingaccessforall.org\\\/wp-content\\\/uploads\\\/2026\\\/05\\\/may822fri.jpg\",\"datePublished\":\"2026-05-01T05:01:41+00:00\",\"dateModified\":\"2026-05-01T05:01:45+00:00\",\"breadcrumb\":{\"@id\":\"https:\\\/\\\/votingaccessforall.org\\\/2026\\\/05\\\/vaac-friday-community-meetings-on-may-8th-22nd\\\/#breadcrumb\"},\"inLanguage\":\"es\",\"potentialAction\":[{\"@type\":\"ReadAction\",\"target\":[\"https:\\\/\\\/votingaccessforall.org\\\/2026\\\/05\\\/vaac-friday-community-meetings-on-may-8th-22nd\\\/\"]}]},{\"@type\":\"ImageObject\",\"inLanguage\":\"es\",\"@id\":\"https:\\\/\\\/votingaccessforall.org\\\/2026\\\/05\\\/vaac-friday-community-meetings-on-may-8th-22nd\\\/#primaryimage\",\"url\":\"https:\\\/\\\/votingaccessforall.org\\\/wp-content\\\/uploads\\\/2026\\\/05\\\/may822fri.jpg\",\"contentUrl\":\"https:\\\/\\\/votingaccessforall.org\\\/wp-content\\\/uploads\\\/2026\\\/05\\\/may822fri.jpg\",\"width\":1920,\"height\":1080},{\"@type\":\"BreadcrumbList\",\"@id\":\"https:\\\/\\\/votingaccessforall.org\\\/2026\\\/05\\\/vaac-friday-community-meetings-on-may-8th-22nd\\\/#breadcrumb\",\"itemListElement\":[{\"@type\":\"ListItem\",\"position\":1,\"name\":\"Home\",\"item\":\"https:\\\/\\\/votingaccessforall.org\\\/\"},{\"@type\":\"ListItem\",\"position\":2,\"name\":\"VAAC Friday Community Meetings on May 8th &amp; 22nd\"}]},{\"@type\":\"WebSite\",\"@id\":\"https:\\\/\\\/votingaccessforall.org\\\/#website\",\"url\":\"https:\\\/\\\/votingaccessforall.org\\\/\",\"name\":\"Voting Access For All\",\"description\":\"Empowering ALL Michigan Voters: Voting Is Your Right!\",\"publisher\":{\"@id\":\"https:\\\/\\\/votingaccessforall.org\\\/#organization\"},\"potentialAction\":[{\"@type\":\"SearchAction\",\"target\":{\"@type\":\"EntryPoint\",\"urlTemplate\":\"https:\\\/\\\/votingaccessforall.org\\\/?s={search_term_string}\"},\"query-input\":{\"@type\":\"PropertyValueSpecification\",\"valueRequired\":true,\"valueName\":\"search_term_string\"}}],\"inLanguage\":\"es\"},{\"@type\":\"Organization\",\"@id\":\"https:\\\/\\\/votingaccessforall.org\\\/#organization\",\"name\":\"Voting Access for All Coalition\",\"url\":\"https:\\\/\\\/votingaccessforall.org\\\/\",\"logo\":{\"@type\":\"ImageObject\",\"inLanguage\":\"es\",\"@id\":\"https:\\\/\\\/votingaccessforall.org\\\/#\\\/schema\\\/logo\\\/image\\\/\",\"url\":\"https:\\\/\\\/votingaccessforall.org\\\/wp-content\\\/uploads\\\/2021\\\/05\\\/cropped-VAAC_logo_Small.jpg\",\"contentUrl\":\"https:\\\/\\\/votingaccessforall.org\\\/wp-content\\\/uploads\\\/2021\\\/05\\\/cropped-VAAC_logo_Small.jpg\",\"width\":512,\"height\":512,\"caption\":\"Voting Access for All Coalition\"},\"image\":{\"@id\":\"https:\\\/\\\/votingaccessforall.org\\\/#\\\/schema\\\/logo\\\/image\\\/\"},\"sameAs\":[\"https:\\\/\\\/www.facebook.com\\\/VotingAccessForAll\\\/\",\"https:\\\/\\\/www.instagram.com\\\/votingaccessforall\\\/\",\"https:\\\/\\\/www.youtube.com\\\/@VotingAccessForAll\",\"https:\\\/\\\/www.linkedin.com\\\/company\\\/voting-access-for-all-vaac\\\/\",\"https:\\\/\\\/bsky.app\\\/profile\\\/votingaccessforall.bsky.social\"]},{\"@type\":\"Person\",\"@id\":\"https:\\\/\\\/votingaccessforall.org\\\/#\\\/schema\\\/person\\\/93c70cc9b87c21f2542dc067f6c2f00a\",\"name\":\"Robyn Reiter\",\"image\":{\"@type\":\"ImageObject\",\"inLanguage\":\"es\",\"@id\":\"https:\\\/\\\/secure.gravatar.com\\\/avatar\\\/5a424b1e4acc92b4083c77fa180b075e90a9da511785e4e22611854abfd9a623?s=96&d=mm&r=g\",\"url\":\"https:\\\/\\\/secure.gravatar.com\\\/avatar\\\/5a424b1e4acc92b4083c77fa180b075e90a9da511785e4e22611854abfd9a623?s=96&d=mm&r=g\",\"contentUrl\":\"https:\\\/\\\/secure.gravatar.com\\\/avatar\\\/5a424b1e4acc92b4083c77fa180b075e90a9da511785e4e22611854abfd9a623?s=96&d=mm&r=g\",\"caption\":\"Robyn Reiter\"},\"url\":\"https:\\\/\\\/votingaccessforall.org\\\/es\\\/author\\\/robyn\\\/\"}]}<\/script>\n<!-- \/ Yoast SEO plugin. -->","yoast_head_json":{"title":"VAAC Friday Community Meetings on May 8th &amp; 22nd &#8211; Voting Access For All","robots":{"index":"index","follow":"follow","max-snippet":"max-snippet:-1","max-image-preview":"max-image-preview:large","max-video-preview":"max-video-preview:-1"},"canonical":"https:\/\/votingaccessforall.org\/es\/2026\/05\/vaac-friday-community-meetings-on-may-8th-22nd\/","og_locale":"es_MX","og_type":"article","og_title":"VAAC Friday Community Meetings on May 8th &amp; 22nd &#8211; Voting Access For All","og_description":"VAAC Friday Community Meetings continue in May with two sessions: a May 8 conversation on jail voting access and barriers, and a May 22 discussion with Hakim Crampton for Mental Health Awareness Month.","og_url":"https:\/\/votingaccessforall.org\/es\/2026\/05\/vaac-friday-community-meetings-on-may-8th-22nd\/","og_site_name":"Voting Access For All","article_publisher":"https:\/\/www.facebook.com\/VotingAccessForAll\/","article_published_time":"2026-05-01T05:01:41+00:00","article_modified_time":"2026-05-01T05:01:45+00:00","og_image":[{"width":1920,"height":1080,"url":"https:\/\/votingaccessforall.org\/wp-content\/uploads\/2026\/05\/may822fri.jpg","type":"image\/jpeg"}],"author":"Robyn Reiter","twitter_card":"summary_large_image","twitter_misc":{"Escrito por":"Robyn Reiter","Tiempo de lectura":"2 minutos"},"schema":{"@context":"https:\/\/schema.org","@graph":[{"@type":"Article","@id":"https:\/\/votingaccessforall.org\/2026\/05\/vaac-friday-community-meetings-on-may-8th-22nd\/#article","isPartOf":{"@id":"https:\/\/votingaccessforall.org\/2026\/05\/vaac-friday-community-meetings-on-may-8th-22nd\/"},"author":{"name":"Robyn Reiter","@id":"https:\/\/votingaccessforall.org\/#\/schema\/person\/93c70cc9b87c21f2542dc067f6c2f00a"},"headline":"VAAC Friday Community Meetings on May 8th &amp; 22nd","datePublished":"2026-05-01T05:01:41+00:00","dateModified":"2026-05-01T05:01:45+00:00","mainEntityOfPage":{"@id":"https:\/\/votingaccessforall.org\/2026\/05\/vaac-friday-community-meetings-on-may-8th-22nd\/"},"wordCount":254,"commentCount":0,"publisher":{"@id":"https:\/\/votingaccessforall.org\/#organization"},"image":{"@id":"https:\/\/votingaccessforall.org\/2026\/05\/vaac-friday-community-meetings-on-may-8th-22nd\/#primaryimage"},"thumbnailUrl":"https:\/\/votingaccessforall.org\/wp-content\/uploads\/2026\/05\/may822fri.jpg","articleSection":["Events","Mental Health Awareness Month","Voting Rights"],"inLanguage":"es","potentialAction":[{"@type":"CommentAction","name":"Comment","target":["https:\/\/votingaccessforall.org\/2026\/05\/vaac-friday-community-meetings-on-may-8th-22nd\/#respond"]}]},{"@type":"WebPage","@id":"https:\/\/votingaccessforall.org\/2026\/05\/vaac-friday-community-meetings-on-may-8th-22nd\/","url":"https:\/\/votingaccessforall.org\/2026\/05\/vaac-friday-community-meetings-on-may-8th-22nd\/","name":"VAAC Friday Community Meetings on May 8th &amp; 22nd &#8211; Voting Access For All","isPartOf":{"@id":"https:\/\/votingaccessforall.org\/#website"},"primaryImageOfPage":{"@id":"https:\/\/votingaccessforall.org\/2026\/05\/vaac-friday-community-meetings-on-may-8th-22nd\/#primaryimage"},"image":{"@id":"https:\/\/votingaccessforall.org\/2026\/05\/vaac-friday-community-meetings-on-may-8th-22nd\/#primaryimage"},"thumbnailUrl":"https:\/\/votingaccessforall.org\/wp-content\/uploads\/2026\/05\/may822fri.jpg","datePublished":"2026-05-01T05:01:41+00:00","dateModified":"2026-05-01T05:01:45+00:00","breadcrumb":{"@id":"https:\/\/votingaccessforall.org\/2026\/05\/vaac-friday-community-meetings-on-may-8th-22nd\/#breadcrumb"},"inLanguage":"es","potentialAction":[{"@type":"ReadAction","target":["https:\/\/votingaccessforall.org\/2026\/05\/vaac-friday-community-meetings-on-may-8th-22nd\/"]}]},{"@type":"ImageObject","inLanguage":"es","@id":"https:\/\/votingaccessforall.org\/2026\/05\/vaac-friday-community-meetings-on-may-8th-22nd\/#primaryimage","url":"https:\/\/votingaccessforall.org\/wp-content\/uploads\/2026\/05\/may822fri.jpg","contentUrl":"https:\/\/votingaccessforall.org\/wp-content\/uploads\/2026\/05\/may822fri.jpg","width":1920,"height":1080},{"@type":"BreadcrumbList","@id":"https:\/\/votingaccessforall.org\/2026\/05\/vaac-friday-community-meetings-on-may-8th-22nd\/#breadcrumb","itemListElement":[{"@type":"ListItem","position":1,"name":"Home","item":"https:\/\/votingaccessforall.org\/"},{"@type":"ListItem","position":2,"name":"VAAC Friday Community Meetings on May 8th &amp; 22nd"}]},{"@type":"WebSite","@id":"https:\/\/votingaccessforall.org\/#website","url":"https:\/\/votingaccessforall.org\/","name":"Acceso a la votaci\u00f3n para todos","description":"Empoderando a TODOS los votantes de Michigan:<br \/>\u00a1Votar es su derecho!","publisher":{"@id":"https:\/\/votingaccessforall.org\/#organization"},"potentialAction":[{"@type":"SearchAction","target":{"@type":"EntryPoint","urlTemplate":"https:\/\/votingaccessforall.org\/?s={search_term_string}"},"query-input":{"@type":"PropertyValueSpecification","valueRequired":true,"valueName":"search_term_string"}}],"inLanguage":"es"},{"@type":"Organization","@id":"https:\/\/votingaccessforall.org\/#organization","name":"Coalici\u00f3n de acceso a la votaci\u00f3n para todos","url":"https:\/\/votingaccessforall.org\/","logo":{"@type":"ImageObject","inLanguage":"es","@id":"https:\/\/votingaccessforall.org\/#\/schema\/logo\/image\/","url":"https:\/\/votingaccessforall.org\/wp-content\/uploads\/2021\/05\/cropped-VAAC_logo_Small.jpg","contentUrl":"https:\/\/votingaccessforall.org\/wp-content\/uploads\/2021\/05\/cropped-VAAC_logo_Small.jpg","width":512,"height":512,"caption":"Voting Access for All Coalition"},"image":{"@id":"https:\/\/votingaccessforall.org\/#\/schema\/logo\/image\/"},"sameAs":["https:\/\/www.facebook.com\/VotingAccessForAll\/","https:\/\/www.instagram.com\/votingaccessforall\/","https:\/\/www.youtube.com\/@VotingAccessForAll","https:\/\/www.linkedin.com\/company\/voting-access-for-all-vaac\/","https:\/\/bsky.app\/profile\/votingaccessforall.bsky.social"]},{"@type":"Person","@id":"https:\/\/votingaccessforall.org\/#\/schema\/person\/93c70cc9b87c21f2542dc067f6c2f00a","name":"Robyn Reiter","image":{"@type":"ImageObject","inLanguage":"es","@id":"https:\/\/secure.gravatar.com\/avatar\/5a424b1e4acc92b4083c77fa180b075e90a9da511785e4e22611854abfd9a623?s=96&d=mm&r=g","url":"https:\/\/secure.gravatar.com\/avatar\/5a424b1e4acc92b4083c77fa180b075e90a9da511785e4e22611854abfd9a623?s=96&d=mm&r=g","contentUrl":"https:\/\/secure.gravatar.com\/avatar\/5a424b1e4acc92b4083c77fa180b075e90a9da511785e4e22611854abfd9a623?s=96&d=mm&r=g","caption":"Robyn Reiter"},"url":"https:\/\/votingaccessforall.org\/es\/author\/robyn\/"}]}},"_links":{"self":[{"href":"https:\/\/votingaccessforall.org\/es\/wp-json\/wp\/v2\/posts\/235515","targetHints":{"allow":["GET"]}}],"collection":[{"href":"https:\/\/votingaccessforall.org\/es\/wp-json\/wp\/v2\/posts"}],"about":[{"href":"https:\/\/votingaccessforall.org\/es\/wp-json\/wp\/v2\/types\/post"}],"author":[{"embeddable":true,"href":"https:\/\/votingaccessforall.org\/es\/wp-json\/wp\/v2\/users\/6"}],"replies":[{"embeddable":true,"href":"https:\/\/votingaccessforall.org\/es\/wp-json\/wp\/v2\/comments?post=235515"}],"version-history":[{"count":3,"href":"https:\/\/votingaccessforall.org\/es\/wp-json\/wp\/v2\/posts\/235515\/revisions"}],"predecessor-version":[{"id":235651,"href":"https:\/\/votingaccessforall.org\/es\/wp-json\/wp\/v2\/posts\/235515\/revisions\/235651"}],"wp:featuredmedia":[{"embeddable":true,"href":"https:\/\/votingaccessforall.org\/es\/wp-json\/wp\/v2\/media\/235650"}],"wp:attachment":[{"href":"https:\/\/votingaccessforall.org\/es\/wp-json\/wp\/v2\/media?parent=235515"}],"wp:term":[{"taxonomy":"category","embeddable":true,"href":"https:\/\/votingaccessforall.org\/es\/wp-json\/wp\/v2\/categories?post=235515"},{"taxonomy":"post_tag","embeddable":true,"href":"https:\/\/votingaccessforall.org\/es\/wp-json\/wp\/v2\/tags?post=235515"},{"taxonomy":"progress_planner_page_types","embeddable":true,"href":"https:\/\/votingaccessforall.org\/es\/wp-json\/wp\/v2\/progress_planner_page_types?post=235515"}],"curies":[{"name":"gracias","href":"https:\/\/api.w.org\/{rel}","templated":true}]}}